{"id":125969,"date":"2012-12-26T09:20:55","date_gmt":"2012-12-26T07:20:55","guid":{"rendered":"http:\/\/www.nationalturk.com\/?p=125969"},"modified":"2012-12-26T09:24:40","modified_gmt":"2012-12-26T07:24:40","slug":"karadenizde-5-5-buyuklugunde-deprem-125969","status":"publish","type":"post","link":"https:\/\/www.nationalturk.com\/tr\/karadenizde-5-5-buyuklugunde-deprem-125969\/","title":{"rendered":"Karadeniz&#8217;de 5.5 b\u00fcy\u00fckl\u00fc\u011f\u00fcnde deprem!"},"content":{"rendered":"<h1><img loading=\"lazy\" decoding=\"async\" class=\"alignleft size-medium wp-image-125970\" alt=\"\" src=\"http:\/\/www.nationalturk.com\/tr\/wp-content\/uploads\/2012\/12\/deprem_richter3-220x220.jpg\" width=\"220\" height=\"220\" title=\"\" srcset=\"https:\/\/www.nationalturk.com\/tr\/wp-content\/uploads\/2012\/12\/deprem_richter3-220x220.jpg 220w, https:\/\/www.nationalturk.com\/tr\/wp-content\/uploads\/2012\/12\/deprem_richter3-50x50.jpg 50w, https:\/\/www.nationalturk.com\/tr\/wp-content\/uploads\/2012\/12\/deprem_richter3.jpg 230w\" sizes=\"auto, (max-width: 220px) 100vw, 220px\" \/>Karadeniz G\u00fcrcistan a\u00e7\u0131klar\u0131nda\u00a05,5 b\u00fcy\u00fckl\u00fc\u011f\u00fcnde deprem meydana geldi. Ayn\u0131 b\u00f6lgede 4.4 b\u00fcy\u00fckl\u00fc\u011f\u00fcnde bir deprem daha meydana geldi.<\/h1>\n<p>Bo\u011fazi\u00e7i \u00dcniversitesi Kandilli Rasathanesi ve Deprem Ara\u015ft\u0131rma Enstit\u00fcs\u00fc&#8217;nden al\u0131nan bilgiye g\u00f6re, G\u00fcrcistan a\u00e7\u0131klar\u0131nda saat 00.44&#8217;te merkez \u00fcss\u00fc G\u00fcrcistan a\u00e7\u0131klar\u0131 olan 5,5 b\u00fcy\u00fckl\u00fc\u011f\u00fcnde deprem kaydedildi. Depremin yerin 8,7 kilometre derinli\u011finde oldu\u011fu belirlendi. Yak\u0131n b\u00f6lgede 11 dakika sonra ise bu sefer 4.4 \u015fiddetinde bir deprem olu\u015ftu.<\/p>\n<p>Karadeniz depremi Trabzon ve Rize&#8217;de de hafif \u015fekilde hissedildi.<\/p>\n<!-- Error, Advert is not available at this time due to schedule\/geolocation restrictions! -->\n","protected":false},"excerpt":{"rendered":"<p>Karadeniz G\u00fcrcistan a\u00e7\u0131klar\u0131nda 5,5 b\u00fcy\u00fckl\u00fc\u011f\u00fcnde deprem meydana geldi. Ayn\u0131 b\u00f6lgede 4.4 b\u00fcy\u00fckl\u00fc\u011f\u00fcnde bir deprem daha meydana geldi.<\/p>\n","protected":false},"author":4,"featured_media":181034,"comment_status":"open","ping_status":"open","sticky":false,"template":"","format":"standard","meta":{"_acf_changed":false,"footnotes":""},"categories":[6770,6665,349],"tags":[14320,2697,119090,87046],"class_list":["post-125969","post","type-post","status-publish","format-standard","has-post-thumbnail","hentry","category-avrupa","category-dunya","category-son-dakika","tag-deprem","tag-karadeniz","tag-karadeniz-deprem","tag-son-depremler"],"acf":[],"_links":{"self":[{"href":"https:\/\/www.nationalturk.com\/tr\/wp-json\/wp\/v2\/posts\/125969","targetHints":{"allow":["GET"]}}],"collection":[{"href":"https:\/\/www.nationalturk.com\/tr\/wp-json\/wp\/v2\/posts"}],"about":[{"href":"https:\/\/www.nationalturk.com\/tr\/wp-json\/wp\/v2\/types\/post"}],"author":[{"embeddable":true,"href":"https:\/\/www.nationalturk.com\/tr\/wp-json\/wp\/v2\/users\/4"}],"replies":[{"embeddable":true,"href":"https:\/\/www.nationalturk.com\/tr\/wp-json\/wp\/v2\/comments?post=125969"}],"version-history":[{"count":0,"href":"https:\/\/www.nationalturk.com\/tr\/wp-json\/wp\/v2\/posts\/125969\/revisions"}],"wp:featuredmedia":[{"embeddable":true,"href":"https:\/\/www.nationalturk.com\/tr\/wp-json\/wp\/v2\/media\/181034"}],"wp:attachment":[{"href":"https:\/\/www.nationalturk.com\/tr\/wp-json\/wp\/v2\/media?parent=125969"}],"wp:term":[{"taxonomy":"category","embeddable":true,"href":"https:\/\/www.nationalturk.com\/tr\/wp-json\/wp\/v2\/categories?post=125969"},{"taxonomy":"post_tag","embeddable":true,"href":"https:\/\/www.nationalturk.com\/tr\/wp-json\/wp\/v2\/tags?post=125969"}],"curies":[{"name":"wp","href":"https:\/\/api.w.org\/{rel}","templated":true}]}}