{"id":126257,"date":"2012-12-28T16:47:07","date_gmt":"2012-12-28T14:47:07","guid":{"rendered":"http:\/\/www.nationalturk.com\/?p=126257"},"modified":"2012-12-28T16:47:07","modified_gmt":"2012-12-28T14:47:07","slug":"bosna-hersekte-ortam-yumusuyor-kizginligi-gecince-izzetbegovicle-gorusurum-126257","status":"publish","type":"post","link":"https:\/\/www.nationalturk.com\/tr\/bosna-hersekte-ortam-yumusuyor-kizginligi-gecince-izzetbegovicle-gorusurum-126257\/","title":{"rendered":"Bosna Hersek&#8217;te ortam yumu\u015fuyor! &#8220;K\u0131zg\u0131nl\u0131\u011f\u0131 ge\u00e7ince \u0130zzetbegovi\u00e7&#8217;le g\u00f6r\u00fc\u015f\u00fcr\u00fcm&#8221;"},"content":{"rendered":"<h1><img loading=\"lazy\" decoding=\"async\" class=\"alignnone size-full wp-image-126259\" alt=\"Tomislav Nikoli\u00e7 ve Mlorad Dodik\" src=\"http:\/\/www.nationalturk.com\/tr\/wp-content\/uploads\/2012\/12\/tomislav_nikolic_dodik.jpg\" width=\"610\" height=\"374\" title=\"\"><\/h1>\n<h1>S\u0131rbistan Cumhurba\u015fkan\u0131 Tomislav Nikoli\u00e7, Bosna Hersek&#8217;e gidi\u015finde ba\u015fkent Saraybosna yerine Bosna S\u0131rp Cumhuriyeti&#8217;nin ba\u015fkenti Banya Luka&#8217;y\u0131 ziyaret etmesiyle ba\u015flayan gerginli\u011fi azaltmak ad\u0131na olumlu a\u00e7\u0131klamalar yapt\u0131.<\/h1>\n<p>Bosna S\u0131rp Cumhuriyeti ziyaretine ili\u015fkin ele\u015ftirileri yan\u0131tlayan Nikoli\u00e7, Bosna-Hersek \u00dc\u00e7l\u00fc Devlet Ba\u015fkanl\u0131\u011f\u0131 Konseyi&#8217;nin Bo\u015fnak \u00fcyesi Bakir \u0130zzetbegovi\u00e7&#8217;e ba\u015fkanl\u0131\u011f\u0131 d\u00f6neminde \u0130stanbul&#8217;da bir araya gelmeyi teklif etti\u011fini, ancak \u0130zzetbegovi\u00e7&#8217;in bunu reddetti\u011fini s\u00f6yledi.<\/p>\n<p>Nikoli\u00e7, &#8220;Bosna-Hersek Bakir \u0130zzetbegovi\u00e7 de Dodik de de\u011fil. S\u00f6z konusu olan devlet. \u0130zzetbegovi\u00e7&#8217;le seve seve g\u00f6r\u00fc\u015f\u00fcr\u00fcm. K\u0131zg\u0131nl\u0131\u011f\u0131 ge\u00e7ince bir araya geliriz. Ayn\u0131 \u015fey H\u0131rvatistan Cumhurba\u015fkan\u0131 \u0130vo Yosipovi\u00e7 i\u00e7in de ge\u00e7erli. Ben reddetmiyorum, hatta onlar\u0131n devletlerini tan\u0131yorum da. Yapt\u0131klar\u0131 a\u00e7\u0131klamalar benim i\u00e7in sorun de\u011fil. Ben onlar gibi sert tepki de vermiyorum&#8221; diye konu\u015ftu.<br \/>\n&#8220;S\u0131rbistan&#8217;\u0131n Srebrenitsa&#8217;da ya\u015fanan su\u00e7a y\u00f6nelik \u00e7\u00f6z\u00fcm ortaya koydu\u011funu ve Ratko Mladi\u00e7&#8217;i adalete teslim etti\u011fini&#8221; s\u00f6yleyen Nikoli\u00e7, buna kar\u015f\u0131n H\u0131rvatistan&#8217;\u0131n hi\u00e7bir \u015fey yapmad\u0131\u011f\u0131n\u0131, ancak kendilerinin yine de H\u0131rvatistan&#8217;la i\u015fbirli\u011fine haz\u0131r olduklar\u0131n\u0131 belirtti. &#8220;Bizim temel itiraz\u0131m\u0131z H\u0131rvatistan&#8217;\u0131n S\u0131rp k\u00f6kenli vatanda\u015flar\u0131na y\u00f6nelik tavr\u0131&#8221; diyen Nikoli\u00e7, H\u0131rvatistan&#8217;\u0131n \u00fcstlendi\u011fi bu sorumlulu\u011fu yerine getirmek anlam\u0131nda sorun ya\u015fad\u0131\u011f\u0131n\u0131 savundu.<\/p>\n<p>-&#8220;Kosova sorunu bu d\u00f6nemde \u00e7\u00f6z\u00fclecek&#8221;-<\/p>\n<p>B\u00f6lge \u00fclkeleriyle ili\u015fkilerine de de\u011finen Nikoli\u00e7, Slovenya&#8217;da ya\u015fanan ekonomik krizden \u00fcz\u00fcnt\u00fc duydu\u011funu, Slovenya&#8217;n\u0131n yeni se\u00e7ilen Cumhurba\u015fkan\u0131 Borut Pahor&#8217;un da kendisiyle g\u00f6r\u00fc\u015fmek istedi\u011fini s\u00f6yledi.<\/p>\n<p>Makedonya ile de iyi ili\u015fkilere sahip olduklar\u0131n\u0131 ifade eden Nikoli\u00e7, kendisi ve mevcut S\u0131rbistan h\u00fck\u00fcmetinin g\u00f6rev s\u00fcresi i\u00e7erisinde Kosova sorunun kesin bir \u015fekilde \u00e7\u00f6z\u00fclece\u011fine inand\u0131\u011f\u0131n\u0131 dile getirdi. Kosova sorununa y\u00f6nelik haz\u0131rlanan Kosova Platformu&#8217;nun 11 Ocak&#8217;ta mecliste kabul edilece\u011fini ve sonras\u0131nda de\u011fi\u015fiklik yap\u0131lmayaca\u011f\u0131n\u0131 belirten Nikoli\u00e7, muhalefet partilerinden de platformu desteklemelerini istedi.<\/p>\n<p>Rusya ile de iyi ili\u015fkileri bulundu\u011funu belirten Nikoli\u00e7, &#8220;Rusya ile ortak yat\u0131r\u0131mlara y\u00f6nelik g\u00f6r\u00fc\u015fmeye devam edece\u011fiz. B\u00f6ylesine b\u00fcy\u00fck ve etkili bir g\u00fcc\u00fcn sizi destekliyor olmas\u0131 \u00e7ok de\u011ferli&#8221; dedi.<\/p>\n<p>Askerlik ve silahlanma konular\u0131na da de\u011finen Nikoli\u00e7, bug\u00fcn S\u0131rbistan&#8217;\u0131n sava\u015faca\u011f\u0131 bir d\u00fc\u015fman\u0131 olmad\u0131\u011f\u0131n\u0131 s\u00f6yledi.<br \/>\nTomislav Nikoli\u00e7, &#8220;G\u00fc\u00e7l\u00fc bir orduya ihtiyac\u0131m\u0131z var. E\u011fer etraf\u0131m\u0131zdaki kimse g\u00fc\u00e7l\u00fc bir orduya sahip olmazsa o zaman NATO bizi korur. Ben S\u0131rbistan&#8217;\u0131n NATO&#8217;ya girmesini istemiyorum. Ancak bu bir sorumluluk, sadece benim d\u00fc\u015f\u00fcncemle olacak bir \u015fey de\u011fil. Ben bunu hi\u00e7bir zaman teklif etmeyece\u011fim ve buna destek de vermeyece\u011fim. Bar\u0131\u015f i\u00e7in ortakl\u0131k, bizim i\u015fbirli\u011fi yapmam\u0131z gereken azami nokta&#8221; diye konu\u015ftu.<\/p>\n<!-- Error, Advert is not available at this time due to schedule\/geolocation restrictions! -->\n","protected":false},"excerpt":{"rendered":"<p>S\u0131rbistan Cumhurba\u015fkan\u0131 Tomislav Nikoli\u00e7, Bosna Hersek&#8217;e gidi\u015finde ba\u015fkent Saraybosna yerine Bosna S\u0131rp Cumhuriyeti&#8217;nin ba\u015fkenti Banya Luka&#8217;y\u0131 ziyaret etmesiyle ba\u015flayan gerginli\u011fi azaltmak ad\u0131na olumlu a\u00e7\u0131klamalar yapt\u0131.<\/p>\n","protected":false},"author":4,"featured_media":126259,"comment_status":"open","ping_status":"open","sticky":false,"template":"","format":"standard","meta":{"_acf_changed":false,"footnotes":""},"categories":[6770,6665,6155,6202],"tags":[119389,119161,119162,1960,119164,116284,119390,119166,6944,119163,119165],"class_list":["post-126257","post","type-post","status-publish","format-standard","has-post-thumbnail","hentry","category-avrupa","category-dunya","category-gundem","category-politika","tag-bakir-izzetbegovic","tag-banya-luka","tag-banya-luka-kenti","tag-bosna-hersek","tag-bosna-hersek-sirbistan","tag-ivitsa-dacic","tag-izzetbegovic","tag-milorad-dodik","tag-sirbistan","tag-sirbistan-bosna-hersek","tag-tomislav-nikolic"],"acf":[],"_links":{"self":[{"href":"https:\/\/www.nationalturk.com\/tr\/wp-json\/wp\/v2\/posts\/126257","targetHints":{"allow":["GET"]}}],"collection":[{"href":"https:\/\/www.nationalturk.com\/tr\/wp-json\/wp\/v2\/posts"}],"about":[{"href":"https:\/\/www.nationalturk.com\/tr\/wp-json\/wp\/v2\/types\/post"}],"author":[{"embeddable":true,"href":"https:\/\/www.nationalturk.com\/tr\/wp-json\/wp\/v2\/users\/4"}],"replies":[{"embeddable":true,"href":"https:\/\/www.nationalturk.com\/tr\/wp-json\/wp\/v2\/comments?post=126257"}],"version-history":[{"count":0,"href":"https:\/\/www.nationalturk.com\/tr\/wp-json\/wp\/v2\/posts\/126257\/revisions"}],"wp:featuredmedia":[{"embeddable":true,"href":"https:\/\/www.nationalturk.com\/tr\/wp-json\/wp\/v2\/media\/126259"}],"wp:attachment":[{"href":"https:\/\/www.nationalturk.com\/tr\/wp-json\/wp\/v2\/media?parent=126257"}],"wp:term":[{"taxonomy":"category","embeddable":true,"href":"https:\/\/www.nationalturk.com\/tr\/wp-json\/wp\/v2\/categories?post=126257"},{"taxonomy":"post_tag","embeddable":true,"href":"https:\/\/www.nationalturk.com\/tr\/wp-json\/wp\/v2\/tags?post=126257"}],"curies":[{"name":"wp","href":"https:\/\/api.w.org\/{rel}","templated":true}]}}