{"id":126298,"date":"2012-12-29T11:49:33","date_gmt":"2012-12-29T09:49:33","guid":{"rendered":"http:\/\/www.nationalturk.com\/?p=126298"},"modified":"2012-12-29T11:50:49","modified_gmt":"2012-12-29T09:50:49","slug":"eksi-20-derecede-calismaya-devam-ediyorlar-126298","status":"publish","type":"post","link":"https:\/\/www.nationalturk.com\/tr\/eksi-20-derecede-calismaya-devam-ediyorlar-126298\/","title":{"rendered":"\u0130n\u015faat i\u015f\u00e7ileri eksi 20 derecede \u00e7al\u0131\u015fmaya devam ediyorlar"},"content":{"rendered":"<h1><a href=\"http:\/\/www.nationalturk.com\/tr\/wp-content\/uploads\/2012\/12\/insaat-iscileri-sogukta-calismaya-devam.jpg\"><img loading=\"lazy\" decoding=\"async\" class=\"size-medium wp-image-126299 alignleft\" alt=\"\u0130n\u015faat i\u015f\u00e7ileri eksi 20 derecede \u00e7al\u0131\u015fmaya devam ediyorlar\" src=\"http:\/\/www.nationalturk.com\/tr\/wp-content\/uploads\/2012\/12\/insaat-iscileri-sogukta-calismaya-devam-280x210.jpg\" width=\"280\" height=\"210\" title=\"\" srcset=\"https:\/\/www.nationalturk.com\/tr\/wp-content\/uploads\/2012\/12\/insaat-iscileri-sogukta-calismaya-devam-280x210.jpg 280w, https:\/\/www.nationalturk.com\/tr\/wp-content\/uploads\/2012\/12\/insaat-iscileri-sogukta-calismaya-devam.jpg 500w\" sizes=\"auto, (max-width: 280px) 100vw, 280px\" \/><\/a>Ardahan\u00b4da eksi 20 derece so\u011fukta belediye i\u015f\u00e7ileri \u00e7al\u0131\u015fmaya devam\u00a0ediyor.<\/h1>\n<p>Belediye Park\u0131&#8217;ndaki kafeteryay\u0131 bitirmek i\u00e7in gayret g\u00f6steren i\u015f\u00e7iler buz tutan ah\u015fap malzemeyi \u00e7\u00f6zmek i\u00e7in p\u00fcrm\u00fcz kullan\u0131yor.<\/p>\n<p>So\u011fuk nedeniyle ah\u015fap binan\u0131n her taraf\u0131n\u0131n buzla kapland\u0131\u011f\u0131n\u0131 belirten i\u015f\u00e7iler, tamamlamak zorunda olduklar\u0131 ah\u015fap kafeteryay\u0131 bir an \u00f6nce bitirmek istediklerini dile getirdi.<\/p>\n<p>So\u011fuk nedeniyle lambrilerin buz tuttu\u011funu s\u00f6yleyen i\u015f\u00e7iler, ate\u015fle buzlar\u0131 \u00e7\u00f6z\u00fcp, lambrileri birbirlerine ge\u00e7irmeye \u00e7al\u0131\u015ft\u0131klar\u0131n\u0131 s\u00f6yledi. \u0130n\u015faat i\u015f\u00e7ileri, dondurucu so\u011fuklardan olumsuz etkilendiklerini de kaydetti.<\/p>\n<p>Yakla\u015f\u0131k 20 g\u00fcnd\u00fcr \u00e7al\u0131\u015fan i\u015f\u00e7iler, ara s\u0131ra mola vererek \u0131s\u0131n\u0131yor. \u015eiddetli so\u011fuklar\u0131n ba\u015f g\u00f6sterdi\u011fi Ardahan\u2019da hava s\u0131cakl\u0131\u011f\u0131 s\u0131f\u0131r\u0131n alt\u0131nda eksi 20 derece civar\u0131nda seyrediyor.<\/p>\n<!-- Error, Advert is not available at this time due to schedule\/geolocation restrictions! -->\n","protected":false},"excerpt":{"rendered":"<p>Ardahan\u00b4da eksi 20 derece so\u011fukta belediye i\u015f\u00e7ileri \u00e7al\u0131\u015fmaya devam ediyor.<\/p>\n","protected":false},"author":3,"featured_media":180978,"comment_status":"open","ping_status":"open","sticky":false,"template":"","format":"standard","meta":{"_acf_changed":false,"footnotes":""},"categories":[6155,5005,6805],"tags":[14615],"class_list":["post-126298","post","type-post","status-publish","format-standard","has-post-thumbnail","hentry","category-gundem","category-manset","category-turkiye","tag-ardahan"],"acf":[],"_links":{"self":[{"href":"https:\/\/www.nationalturk.com\/tr\/wp-json\/wp\/v2\/posts\/126298","targetHints":{"allow":["GET"]}}],"collection":[{"href":"https:\/\/www.nationalturk.com\/tr\/wp-json\/wp\/v2\/posts"}],"about":[{"href":"https:\/\/www.nationalturk.com\/tr\/wp-json\/wp\/v2\/types\/post"}],"author":[{"embeddable":true,"href":"https:\/\/www.nationalturk.com\/tr\/wp-json\/wp\/v2\/users\/3"}],"replies":[{"embeddable":true,"href":"https:\/\/www.nationalturk.com\/tr\/wp-json\/wp\/v2\/comments?post=126298"}],"version-history":[{"count":0,"href":"https:\/\/www.nationalturk.com\/tr\/wp-json\/wp\/v2\/posts\/126298\/revisions"}],"wp:featuredmedia":[{"embeddable":true,"href":"https:\/\/www.nationalturk.com\/tr\/wp-json\/wp\/v2\/media\/180978"}],"wp:attachment":[{"href":"https:\/\/www.nationalturk.com\/tr\/wp-json\/wp\/v2\/media?parent=126298"}],"wp:term":[{"taxonomy":"category","embeddable":true,"href":"https:\/\/www.nationalturk.com\/tr\/wp-json\/wp\/v2\/categories?post=126298"},{"taxonomy":"post_tag","embeddable":true,"href":"https:\/\/www.nationalturk.com\/tr\/wp-json\/wp\/v2\/tags?post=126298"}],"curies":[{"name":"wp","href":"https:\/\/api.w.org\/{rel}","templated":true}]}}