{"id":126630,"date":"2013-01-03T21:33:04","date_gmt":"2013-01-03T19:33:04","guid":{"rendered":"http:\/\/www.nationalturk.com\/?p=126630"},"modified":"2013-01-03T21:33:04","modified_gmt":"2013-01-03T19:33:04","slug":"irak-bombali-saldiri-126630","status":"publish","type":"post","link":"https:\/\/www.nationalturk.com\/tr\/irak-bombali-saldiri-126630\/","title":{"rendered":"Irak&#8217;ta bombal\u0131 sald\u0131r\u0131: 24 \u00f6l\u00fc, 35 yaral\u0131"},"content":{"rendered":"<h1><a href=\"http:\/\/www.nationalturk.com\/tr\/wp-content\/uploads\/2013\/01\/irak-bombali-saldiri-oluler.jpg\"><img loading=\"lazy\" decoding=\"async\" class=\"alignleft size-medium wp-image-126631\" alt=\"Irak&#039;ta bombal\u0131 sald\u0131r\u0131: 24 \u00f6l\u00fc, 35 yaral\u0131\" src=\"http:\/\/www.nationalturk.com\/tr\/wp-content\/uploads\/2013\/01\/irak-bombali-saldiri-oluler-280x127.jpg\" width=\"280\" height=\"127\" title=\"\" srcset=\"https:\/\/www.nationalturk.com\/tr\/wp-content\/uploads\/2013\/01\/irak-bombali-saldiri-oluler-280x127.jpg 280w, https:\/\/www.nationalturk.com\/tr\/wp-content\/uploads\/2013\/01\/irak-bombali-saldiri-oluler-610x278.jpg 610w, https:\/\/www.nationalturk.com\/tr\/wp-content\/uploads\/2013\/01\/irak-bombali-saldiri-oluler.jpg 652w\" sizes=\"auto, (max-width: 280px) 100vw, 280px\" \/><\/a>Irak&#8217;\u0131n ba\u015fkenti Ba\u011fdat&#8217;\u0131n g\u00fcneyinde d\u00fczenlenen bombal\u0131 sald\u0131r\u0131da 24 ki\u015fi hayat\u0131n\u0131 kaybederken 35 ki\u015fi de yaraland\u0131.<\/h1>\n<p>Ba\u011fdat&#8217;\u0131n g\u00fcneyindeki Babil \u015fehrine ba\u011fl\u0131 M\u00fcseyyip b\u00f6lgesinde bomba y\u00fckl\u00fc ger\u00e7ekle\u015ftirilen sald\u0131r\u0131da \u00f6lenlerin \u015eii vatanda\u015flar oldu\u011fu belirtildi.<\/p>\n<p>Polis yetkilileri, sald\u0131r\u0131da, Hz. H\u00fcseyin&#8217;in \u015fehit edili\u015finin y\u0131ld\u00f6n\u00fcm\u00fcn\u00fcn 40. g\u00fcn\u00fc dolay\u0131s\u0131yla d\u00fczenlenen t\u00f6renlerden d\u00f6nen \u015eii vatanda\u015flar\u0131n hedef al\u0131nd\u0131\u011f\u0131n\u0131 duydurdu.<\/p>\n<!-- Error, Advert is not available at this time due to schedule\/geolocation restrictions! -->\n","protected":false},"excerpt":{"rendered":"<p>Irak&#8217;\u0131n ba\u015fkenti Ba\u011fdat&#8217;\u0131n g\u00fcneyinde d\u00fczenlenen bombal\u0131 sald\u0131r\u0131da 24 ki\u015fi hayat\u0131n\u0131 kaybederken 35 ki\u015fi de yaraland\u0131.<\/p>\n","protected":false},"author":3,"featured_media":180934,"comment_status":"open","ping_status":"open","sticky":false,"template":"","format":"standard","meta":{"_acf_changed":false,"footnotes":""},"categories":[6665,6155,5005,6772],"tags":[4791,7359,10814,73371],"class_list":["post-126630","post","type-post","status-publish","format-standard","has-post-thumbnail","hentry","category-dunya","category-gundem","category-manset","category-ortadogu","tag-babil","tag-irak","tag-irak-bombali-saldiri","tag-irak-saldiri"],"acf":[],"_links":{"self":[{"href":"https:\/\/www.nationalturk.com\/tr\/wp-json\/wp\/v2\/posts\/126630","targetHints":{"allow":["GET"]}}],"collection":[{"href":"https:\/\/www.nationalturk.com\/tr\/wp-json\/wp\/v2\/posts"}],"about":[{"href":"https:\/\/www.nationalturk.com\/tr\/wp-json\/wp\/v2\/types\/post"}],"author":[{"embeddable":true,"href":"https:\/\/www.nationalturk.com\/tr\/wp-json\/wp\/v2\/users\/3"}],"replies":[{"embeddable":true,"href":"https:\/\/www.nationalturk.com\/tr\/wp-json\/wp\/v2\/comments?post=126630"}],"version-history":[{"count":0,"href":"https:\/\/www.nationalturk.com\/tr\/wp-json\/wp\/v2\/posts\/126630\/revisions"}],"wp:featuredmedia":[{"embeddable":true,"href":"https:\/\/www.nationalturk.com\/tr\/wp-json\/wp\/v2\/media\/180934"}],"wp:attachment":[{"href":"https:\/\/www.nationalturk.com\/tr\/wp-json\/wp\/v2\/media?parent=126630"}],"wp:term":[{"taxonomy":"category","embeddable":true,"href":"https:\/\/www.nationalturk.com\/tr\/wp-json\/wp\/v2\/categories?post=126630"},{"taxonomy":"post_tag","embeddable":true,"href":"https:\/\/www.nationalturk.com\/tr\/wp-json\/wp\/v2\/tags?post=126630"}],"curies":[{"name":"wp","href":"https:\/\/api.w.org\/{rel}","templated":true}]}}