{"id":126633,"date":"2013-01-03T21:48:40","date_gmt":"2013-01-03T19:48:40","guid":{"rendered":"http:\/\/www.nationalturk.com\/?p=126633"},"modified":"2013-01-03T21:48:40","modified_gmt":"2013-01-03T19:48:40","slug":"adriana-lima-turk-hayranlarina-mesaj-126633","status":"publish","type":"post","link":"https:\/\/www.nationalturk.com\/tr\/adriana-lima-turk-hayranlarina-mesaj-126633\/","title":{"rendered":"Adriana Lima&#8217;dan T\u00fcrk hayranlar\u0131na mesaj"},"content":{"rendered":"<h1><a href=\"http:\/\/www.nationalturk.com\/tr\/wp-content\/uploads\/2013\/01\/adriana-lima-antalya.jpg\"><img loading=\"lazy\" decoding=\"async\" class=\"alignleft size-medium wp-image-126634\" alt=\"Adriana Lima&#039;dan T\u00fcrk hayranlar\u0131na mesaj\" src=\"http:\/\/www.nationalturk.com\/tr\/wp-content\/uploads\/2013\/01\/adriana-lima-antalya-280x211.jpg\" width=\"280\" height=\"211\" title=\"\" srcset=\"https:\/\/www.nationalturk.com\/tr\/wp-content\/uploads\/2013\/01\/adriana-lima-antalya-280x211.jpg 280w, https:\/\/www.nationalturk.com\/tr\/wp-content\/uploads\/2013\/01\/adriana-lima-antalya.jpg 300w\" sizes=\"auto, (max-width: 280px) 100vw, 280px\" \/><\/a>D\u00fcnyaca \u00fcnl\u00fc top model Adriana Lima Twitter&#8217;dan T\u00fcrk hayranlar\u0131na seslendi.<\/h1>\n<p>D\u00fcnyaca \u00fcnl\u00fc Brezilya&#8217;l\u0131 top model Adriana Lima, Antalya&#8217;da 8- 14 Ocak tarihlerinde d\u00fczenlenecek Dosso Dossi Fashion Show&#8217;da podyuma \u00e7\u0131kmas\u0131na say\u0131l\u0131 g\u00fcnler kala heyecan\u0131n\u0131 twitter&#8217;daki takip\u00e7ileriyle payla\u015ft\u0131.<\/p>\n<p>D\u00fcnyan\u0131n her yerinden yakla\u015f\u0131k 800 bin takip\u00e7isi bulunan \u00fcnl\u00fc model, att\u0131\u011f\u0131 tweet ile hem T\u00fcrkiye&#8217;nin hem de Antalya&#8217;n\u0131n tan\u0131t\u0131m\u0131n\u0131 yapt\u0131.<\/p>\n<p>Antalya&#8217;daki Dosso Dossi Fashion Show kapsam\u0131nda 9 Ocak&#8217;ta podyumda \u00e7\u0131kacak olan Adriana Lima, \u00f6nceki ak\u015fam twitter&#8217;daki hebas\u0131ndan duydu\u011fu heyecan\u0131 \u015fu c\u00fcmlelerle dile getirdi &#8216;Merhaba T\u00fcrkiye.9 Ocak&#8217;taki Dosso Dossi Fashion Show&#8217;da olaca\u011f\u0131m i\u00e7in \u00e7ok heyecanlan\u0131yorum. Antalya&#8217;da g\u00f6r\u00fc\u015f\u00fcr\u00fcz.&#8221;<\/p>\n<p>Lima&#8217;n\u0131n, yakla\u015f\u0131k 800 bin takip\u00e7isi ile payla\u015ft\u0131\u011f\u0131 mesaj\u0131 k\u0131sa s\u00fcre i\u00e7inde 1186 ki\u015fi &#8216;retweet&#8217;ledi.<\/p>\n<span style=\"font-weight: bold; color: #f00;\">Error, group does not exist! Check your syntax! (ID: 81)<\/span>\n","protected":false},"excerpt":{"rendered":"<p>D\u00fcnyaca \u00fcnl\u00fc top model Adriana Lima Twitter&#8217;dan T\u00fcrk hayranlar\u0131na seslendi.<\/p>\n","protected":false},"author":3,"featured_media":180933,"comment_status":"open","ping_status":"open","sticky":false,"template":"","format":"standard","meta":{"_acf_changed":false,"footnotes":""},"categories":[5005,6229,67944],"tags":[5442,119756,2680],"class_list":["post-126633","post","type-post","status-publish","format-standard","has-post-thumbnail","hentry","category-manset","category-moda","category-yurtdisi-magazin-haberleri","tag-adriana-lima","tag-adriana-lima-turkiye","tag-dosso-dossi-fashion-show"],"acf":[],"_links":{"self":[{"href":"https:\/\/www.nationalturk.com\/tr\/wp-json\/wp\/v2\/posts\/126633","targetHints":{"allow":["GET"]}}],"collection":[{"href":"https:\/\/www.nationalturk.com\/tr\/wp-json\/wp\/v2\/posts"}],"about":[{"href":"https:\/\/www.nationalturk.com\/tr\/wp-json\/wp\/v2\/types\/post"}],"author":[{"embeddable":true,"href":"https:\/\/www.nationalturk.com\/tr\/wp-json\/wp\/v2\/users\/3"}],"replies":[{"embeddable":true,"href":"https:\/\/www.nationalturk.com\/tr\/wp-json\/wp\/v2\/comments?post=126633"}],"version-history":[{"count":0,"href":"https:\/\/www.nationalturk.com\/tr\/wp-json\/wp\/v2\/posts\/126633\/revisions"}],"wp:featuredmedia":[{"embeddable":true,"href":"https:\/\/www.nationalturk.com\/tr\/wp-json\/wp\/v2\/media\/180933"}],"wp:attachment":[{"href":"https:\/\/www.nationalturk.com\/tr\/wp-json\/wp\/v2\/media?parent=126633"}],"wp:term":[{"taxonomy":"category","embeddable":true,"href":"https:\/\/www.nationalturk.com\/tr\/wp-json\/wp\/v2\/categories?post=126633"},{"taxonomy":"post_tag","embeddable":true,"href":"https:\/\/www.nationalturk.com\/tr\/wp-json\/wp\/v2\/tags?post=126633"}],"curies":[{"name":"wp","href":"https:\/\/api.w.org\/{rel}","templated":true}]}}