{"id":127269,"date":"2013-01-11T11:31:13","date_gmt":"2013-01-11T09:31:13","guid":{"rendered":"http:\/\/www.nationalturk.com\/?p=127269"},"modified":"2013-01-11T11:31:13","modified_gmt":"2013-01-11T09:31:13","slug":"calisma-bakanindan-kuluplere-prim-borclarinizi-odeyin-127269","status":"publish","type":"post","link":"https:\/\/www.nationalturk.com\/tr\/calisma-bakanindan-kuluplere-prim-borclarinizi-odeyin-127269\/","title":{"rendered":"\u00c7al\u0131\u015fma Bakan\u0131ndan kul\u00fcplere: Prim bor\u00e7lar\u0131n\u0131z\u0131 \u00f6deyin!"},"content":{"rendered":"<h1><img loading=\"lazy\" decoding=\"async\" class=\"alignleft size-medium wp-image-127270\" alt=\"Faruk \u00c7elik\" src=\"http:\/\/www.nationalturk.com\/tr\/wp-content\/uploads\/2013\/01\/faruk_celik_tbmm_kabine-280x218.jpg\" width=\"280\" height=\"218\" title=\"\" srcset=\"https:\/\/www.nationalturk.com\/tr\/wp-content\/uploads\/2013\/01\/faruk_celik_tbmm_kabine-280x218.jpg 280w, https:\/\/www.nationalturk.com\/tr\/wp-content\/uploads\/2013\/01\/faruk_celik_tbmm_kabine-512x400.jpg 512w, https:\/\/www.nationalturk.com\/tr\/wp-content\/uploads\/2013\/01\/faruk_celik_tbmm_kabine.jpg 712w\" sizes=\"auto, (max-width: 280px) 100vw, 280px\" \/>Gen\u00e7lik ve Spor Bakan\u0131 Suat K\u0131l\u0131\u00e7&#8217;\u0131n spor kul\u00fcplerine y\u00f6nelik vergi aff\u0131n\u0131n g\u00fcndemde olmad\u0131\u011f\u0131n\u0131 a\u00e7\u0131klamas\u0131n\u0131n ard\u0131ndan \u00c7al\u0131\u015fma ve Sosyal G\u00fcvenlik Bak\u0131n Faruk \u00c7elik de kul\u00fcpleri SGK prim bor\u00e7lar\u0131 nedeniyle uyard\u0131.<\/h1>\n<p>\u00c7al\u0131\u015fma ve Sosyal G\u00fcvenlik Bakan\u0131 Faruk \u00c7elik, Sosyal G\u00fcvenlik Kurumu&#8217;nun (SGK) spor kul\u00fcplerinden 110 milyon liral\u0131k prim alaca\u011f\u0131 g\u00f6r\u00fcnd\u00fc\u011f\u00fcn\u00fc belirterek, &#8221;Prim bor\u00e7lar\u0131 olan kul\u00fcpleri ben bu asli g\u00f6revlerini yerine getirmeye davet ediyorum&#8221; dedi. AA&#8217;ya a\u00e7\u0131klamalarda bulunan Faruk \u00c7elik, spor kul\u00fcplerinin vergi ve SGK bor\u00e7lar\u0131n\u0131n yap\u0131land\u0131r\u0131lmas\u0131yla ilgili talepleri oldu\u011funu hat\u0131rlatarak &#8220;Bu hafta i\u00e7inde Gen\u00e7lik ve Spor Bakan\u0131m\u0131z Suat K\u0131l\u0131\u00e7&#8217;\u0131n b\u00f6yle bir yap\u0131land\u0131rma olmayaca\u011f\u0131na ili\u015fkin a\u00e7\u0131klamas\u0131 oldu. Bizim SGK olarak spor kul\u00fcplerinden 110 milyon liral\u0131k prim alaca\u011f\u0131m\u0131z g\u00f6r\u00fcn\u00fcyor. Bunun 41 milyon liras\u0131 yap\u0131land\u0131r\u0131lm\u0131\u015f. Ne kadar\u0131 \u00f6denir, ne kadar\u0131 \u00f6denmez onu s\u00fcre\u00e7 i\u00e7inde g\u00f6rece\u011fiz ama 57 milyon liral\u0131k \u015fu an kul\u00fcplerden bizim gecikmi\u015f alacaklar\u0131m\u0131z var&#8221; diye konu\u015ftu.<\/p>\n<p>\u00c7elik, bununla ilgili yap\u0131land\u0131rmalar\u0131n ge\u00e7mi\u015f d\u00f6nemlerde yap\u0131ld\u0131\u011f\u0131n\u0131, \u015fu an g\u00fcndemlerinde b\u00f6yle bir durumun s\u00f6z konusu olmad\u0131\u011f\u0131n\u0131 ifade etti.<\/p>\n<p>Prim bor\u00e7lar\u0131n\u0131n yap\u0131land\u0131r\u0131lmas\u0131 konusunda, profesyonel liglerden amat\u00f6r k\u00fcmeye d\u00fc\u015fm\u00fc\u015f ve hi\u00e7 bir geliri olmayan \u00e7ok az say\u0131daki kul\u00fcplerden baz\u0131 talepleri dikkate ald\u0131klar\u0131n\u0131 kaydeden \u00c7elik, \u015funlar\u0131 s\u00f6yledi:<\/p>\n<p>&#8221;Gelirleri olmad\u0131\u011f\u0131 i\u00e7in y\u00f6neticilerinden r\u00fccu ediliyor bu alacaklar. Bu anlamdaki talepleri de\u011ferlendirmeye alaca\u011f\u0131z ama bug\u00fcn i\u00e7in de\u011fil \u00f6n\u00fcm\u00fczdeki s\u00fcre\u00e7 i\u00e7inde onlar\u0131n durumunu de\u011ferlendirece\u011fiz. \u00c7\u00fcnk\u00fc onlar\u0131n hi\u00e7 gelir durumu s\u00f6z konusu de\u011fil. O konuda kurumun alacaklar\u0131n\u0131n tahsili a\u00e7\u0131s\u0131ndan da \u00f6nemli. Fiili olarak gelirlerden mahrum durumu d\u00fc\u015fm\u00fc\u015f \u00e7ok az say\u0131daki kul\u00fcple ilgili de\u011ferlendirme yapaca\u011f\u0131z ama di\u011ferleriyle ilgili rakamlar\u0131 s\u00f6yledim. Bu \u00e7er\u00e7evede alaca\u011f\u0131m\u0131z var. Gazete sayfalar\u0131nda boy g\u00f6stermek g\u00fczel ama kamuya kar\u015f\u0131 da g\u00f6revimizi yerine getirmemiz gerekiyor. Prim bor\u00e7lar\u0131 olan kul\u00fcpleri ben bu asli g\u00f6revlerini yerine getirmeye davet ediyorum. \u0130\u015f\u00e7imiz, memurumuz vergisini \u00f6derken, sigorta primini \u00f6derken, spor camias\u0131n\u0131n bunun gerisinde veya buna duyars\u0131z kalmas\u0131n\u0131 ben d\u00fc\u015f\u00fcnmek bile istemiyorum. Kamu olarak, kurum olarak biz at\u0131lmas\u0131 gereken ad\u0131mlar\u0131 ge\u00e7mi\u015f d\u00f6nemlerde att\u0131k. Yap\u0131land\u0131rmalar \u00f6n\u00fcm\u00fczde. Ona ra\u011fmen yeni bor\u00e7lar 57 milyon civar\u0131nda. Bunlar\u0131n tahsilini mutlaka ger\u00e7ekle\u015ftirece\u011fiz. Art\u0131k spor kul\u00fcpleri futbolcu veya teknik heyetlerin \u00fccretleri neyse en tavan noktadan g\u00f6stermek durumundalar. Bunu da ger\u00e7ekle\u015ftirmi\u015f bulunuyoruz. Kendilerini bu primler konusunda daha hassas olmaya davet ediyorum.&#8221;<\/p>\n<!-- Error, Advert is not available at this time due to schedule\/geolocation restrictions! -->\n","protected":false},"excerpt":{"rendered":"<p>Gen\u00e7lik ve Spor Bakan\u0131 Suat K\u0131l\u0131\u00e7&#8217;\u0131n spor kul\u00fcplerine y\u00f6nelik vergi aff\u0131n\u0131n g\u00fcndemde olmad\u0131\u011f\u0131n\u0131 a\u00e7\u0131klamas\u0131n\u0131n ard\u0131ndan \u00c7al\u0131\u015fma ve Sosyal G\u00fcvenlik Bak\u0131n Faruk \u00c7elik de kul\u00fcpleri SGK prim bor\u00e7lar\u0131 nedeniyle uyard\u0131.<\/p>\n","protected":false},"author":4,"featured_media":180814,"comment_status":"open","ping_status":"open","sticky":false,"template":"","format":"standard","meta":{"_acf_changed":false,"footnotes":""},"categories":[6774,5005,6194,6805],"tags":[14763,120062,120065,16415,120064,54538],"class_list":["post-127269","post","type-post","status-publish","format-standard","has-post-thumbnail","hentry","category-futbol","category-manset","category-spor","category-turkiye","tag-faruk-celik","tag-kuluplere-vergi-affi","tag-kuluplerin-sgk-borclari","tag-sgk","tag-sgk-borclari","tag-vergi-affi"],"acf":[],"_links":{"self":[{"href":"https:\/\/www.nationalturk.com\/tr\/wp-json\/wp\/v2\/posts\/127269","targetHints":{"allow":["GET"]}}],"collection":[{"href":"https:\/\/www.nationalturk.com\/tr\/wp-json\/wp\/v2\/posts"}],"about":[{"href":"https:\/\/www.nationalturk.com\/tr\/wp-json\/wp\/v2\/types\/post"}],"author":[{"embeddable":true,"href":"https:\/\/www.nationalturk.com\/tr\/wp-json\/wp\/v2\/users\/4"}],"replies":[{"embeddable":true,"href":"https:\/\/www.nationalturk.com\/tr\/wp-json\/wp\/v2\/comments?post=127269"}],"version-history":[{"count":0,"href":"https:\/\/www.nationalturk.com\/tr\/wp-json\/wp\/v2\/posts\/127269\/revisions"}],"wp:featuredmedia":[{"embeddable":true,"href":"https:\/\/www.nationalturk.com\/tr\/wp-json\/wp\/v2\/media\/180814"}],"wp:attachment":[{"href":"https:\/\/www.nationalturk.com\/tr\/wp-json\/wp\/v2\/media?parent=127269"}],"wp:term":[{"taxonomy":"category","embeddable":true,"href":"https:\/\/www.nationalturk.com\/tr\/wp-json\/wp\/v2\/categories?post=127269"},{"taxonomy":"post_tag","embeddable":true,"href":"https:\/\/www.nationalturk.com\/tr\/wp-json\/wp\/v2\/tags?post=127269"}],"curies":[{"name":"wp","href":"https:\/\/api.w.org\/{rel}","templated":true}]}}