{"id":127298,"date":"2013-01-11T16:41:47","date_gmt":"2013-01-11T14:41:47","guid":{"rendered":"http:\/\/www.nationalturk.com\/?p=127298"},"modified":"2022-09-13T02:16:00","modified_gmt":"2022-09-12T23:16:00","slug":"basbakan-erdogan-ridvan-dilmenle-yemek-yedi-127298","status":"publish","type":"post","link":"https:\/\/www.nationalturk.com\/tr\/basbakan-erdogan-ridvan-dilmenle-yemek-yedi-127298\/","title":{"rendered":"Ba\u015fbakan Erdo\u011fan R\u0131dvan Dilmen&#8217;le yemek yedi"},"content":{"rendered":"<h1><img loading=\"lazy\" decoding=\"async\" class=\"alignleft size-medium wp-image-127299\" alt=\"Ba\u015fbakan Erdo\u011fan\" src=\"http:\/\/www.nationalturk.com\/tr\/wp-content\/uploads\/2013\/01\/erdogan_mabeyin-280x185.jpg\" width=\"280\" height=\"185\" title=\"\" srcset=\"https:\/\/www.nationalturk.com\/tr\/wp-content\/uploads\/2013\/01\/erdogan_mabeyin-280x185.jpg 280w, https:\/\/www.nationalturk.com\/tr\/wp-content\/uploads\/2013\/01\/erdogan_mabeyin.jpg 500w\" sizes=\"auto, (max-width: 280px) 100vw, 280px\" \/>Ba\u015fbakan Recep Tayyip Erdo\u011fan, Cuma namaz\u0131ndan sonra Altunizade&#8217;deki bir restoranda futbol yorumcusu R\u0131dvan Dilmen ile yemek yedi. Yemekte, Ba\u015fbakanl\u0131k Dan\u0131\u015fman\u0131 Yal\u00e7\u0131n Akdo\u011fan da yer ald\u0131.<\/h1>\n<p>Afrika gezisini tamamlad\u0131ktan sonra \u0130stanbul&#8217;a d\u00f6nen Ba\u015fbakan Erdo\u011fan, Altunizade&#8217;deki bir restoranda yemek yedi. Yeme\u011fe; Ba\u015fbakanl\u0131k Dan\u0131\u015fman\u0131 Yal\u00e7\u0131n Akdo\u011fan, \u00dcsk\u00fcdar Belediye Ba\u015fkan\u0131 Mustafa Kara, spor yorumcusu R\u0131dvan Dilmen, AK Parti \u0130stanbul \u0130l Ba\u015fkan\u0131 Aziz Babu\u015fcu da kat\u0131ld\u0131.<\/p>\n<p>Yeme\u011fin ard\u0131ndan Erdo\u011fan, K\u0131s\u0131kl\u0131&#8217;daki evine d\u00f6nd\u00fc.<\/p>\n<!-- Error, Advert is not available at this time due to schedule\/geolocation restrictions! -->\n","protected":false},"excerpt":{"rendered":"<p>Ba\u015fbakan Recep Tayyip Erdo\u011fan, Cuma namaz\u0131ndan sonra Altunizade&#8217;deki bir restoranda futbol yorumcusu R\u0131dvan Dilmen ile yemek yedi. Yemekte, Ba\u015fbakanl\u0131k Dan\u0131\u015fman\u0131 Yal\u00e7\u0131n Akdo\u011fan da yer ald\u0131.<\/p>\n","protected":false},"author":4,"featured_media":180807,"comment_status":"open","ping_status":"open","sticky":false,"template":"","format":"standard","meta":{"_acf_changed":false,"footnotes":""},"categories":[6774,6155,5005,6202,6805],"tags":[28784,3888,99009,20050,87159,120447],"class_list":["post-127298","post","type-post","status-publish","format-standard","has-post-thumbnail","hentry","category-futbol","category-gundem","category-manset","category-politika","category-turkiye","tag-aziz-babuscu","tag-basbakan-erdogan","tag-mustafa-kara","tag-ridvan-dilmen","tag-ridvan-dilmen-basbakan","tag-yalcin-akdogan"],"acf":[],"_links":{"self":[{"href":"https:\/\/www.nationalturk.com\/tr\/wp-json\/wp\/v2\/posts\/127298","targetHints":{"allow":["GET"]}}],"collection":[{"href":"https:\/\/www.nationalturk.com\/tr\/wp-json\/wp\/v2\/posts"}],"about":[{"href":"https:\/\/www.nationalturk.com\/tr\/wp-json\/wp\/v2\/types\/post"}],"author":[{"embeddable":true,"href":"https:\/\/www.nationalturk.com\/tr\/wp-json\/wp\/v2\/users\/4"}],"replies":[{"embeddable":true,"href":"https:\/\/www.nationalturk.com\/tr\/wp-json\/wp\/v2\/comments?post=127298"}],"version-history":[{"count":0,"href":"https:\/\/www.nationalturk.com\/tr\/wp-json\/wp\/v2\/posts\/127298\/revisions"}],"wp:featuredmedia":[{"embeddable":true,"href":"https:\/\/www.nationalturk.com\/tr\/wp-json\/wp\/v2\/media\/180807"}],"wp:attachment":[{"href":"https:\/\/www.nationalturk.com\/tr\/wp-json\/wp\/v2\/media?parent=127298"}],"wp:term":[{"taxonomy":"category","embeddable":true,"href":"https:\/\/www.nationalturk.com\/tr\/wp-json\/wp\/v2\/categories?post=127298"},{"taxonomy":"post_tag","embeddable":true,"href":"https:\/\/www.nationalturk.com\/tr\/wp-json\/wp\/v2\/tags?post=127298"}],"curies":[{"name":"wp","href":"https:\/\/api.w.org\/{rel}","templated":true}]}}