{"id":127475,"date":"2013-01-14T18:28:25","date_gmt":"2013-01-14T16:28:25","guid":{"rendered":"http:\/\/www.nationalturk.com\/?p=127475"},"modified":"2013-01-14T18:28:25","modified_gmt":"2013-01-14T16:28:25","slug":"kubada-seyahat-devrimi-127475","status":"publish","type":"post","link":"https:\/\/www.nationalturk.com\/tr\/kubada-seyahat-devrimi-127475\/","title":{"rendered":"K\u00fcba&#8217;da seyahat devrimi!"},"content":{"rendered":"<h1><img loading=\"lazy\" decoding=\"async\" class=\"alignleft size-medium wp-image-127476\" alt=\"Havana\" src=\"http:\/\/www.nationalturk.com\/tr\/wp-content\/uploads\/2013\/01\/havana_airport-280x210.jpg\" width=\"280\" height=\"210\" title=\"\" srcset=\"https:\/\/www.nationalturk.com\/tr\/wp-content\/uploads\/2013\/01\/havana_airport-280x210.jpg 280w, https:\/\/www.nationalturk.com\/tr\/wp-content\/uploads\/2013\/01\/havana_airport.jpg 500w\" sizes=\"auto, (max-width: 280px) 100vw, 280px\" \/>K\u00fcba vatanda\u015flar\u0131 50 y\u0131l sonra ilk kez bug\u00fcnden itibaren yurt d\u0131\u015f\u0131na seyahat edebilmek i\u00e7in ortalama ayl\u0131k gelirin 10 kat\u0131na mal olan \u00f6zel \u00e7\u0131k\u0131\u015f vizesi ve davetiyeye gerek duymayacak. \/\u00a0K\u00fcba&#8217;da seyahat devrimi!<\/h1>\n<p>Raul Castro&#8217;nun daha \u00f6nce m\u00fcjdesini verdi\u011fi reformlar K\u00fcba&#8217;da hayat bulmaya ba\u015flad\u0131. Yeni uygulamaya g\u00f6re, pasaport sahibi herkes herhangi bir izne tabi kalmadan yurtd\u0131\u015f\u0131na seyahat edebilecek. Yasa TS\u0130 07.00 itibariyle y\u00fcr\u00fcrl\u00fc\u011fe girdi.<\/p>\n<p>K\u00fcbal\u0131lar, yurtd\u0131\u015f\u0131nda s\u00fcrg\u00fcnde ya\u015fayan yak\u0131nlar\u0131n\u0131 g\u00f6rebilmek i\u00e7in b\u00fcy\u00fck s\u0131k\u0131nt\u0131 ya\u015famak zorunda kal\u0131yordu. \u00c7\u00fcnk\u00fc K\u00fcba&#8217;da yurt d\u0131\u015f\u0131 \u00e7\u0131k\u0131\u015f vizesi, yurt d\u0131\u015f\u0131nda yan\u0131nda kal\u0131nacak yak\u0131ndan davetiye, ortalama ayl\u0131k maa\u015f\u0131n 20 dolar oldu\u011fu \u00fclkede 200 dolara mal oluyordu.<\/p>\n<p>\u0130nsan haklar\u0131 gruplar\u0131, bu uygulaman\u0131n temel insan haklar\u0131ndan biri olan seyahat \u00f6zg\u00fcrl\u00fc\u011f\u00fcn\u00fc ihlal etti\u011fini savunuyordu.<\/p>\n<!-- Error, Advert is not available at this time due to schedule\/geolocation restrictions! -->\n","protected":false},"excerpt":{"rendered":"<p>K\u00fcba vatanda\u015flar\u0131 50 y\u0131l sonra ilk kez bug\u00fcnden itibaren yurt d\u0131\u015f\u0131na seyahat edebilmek i\u00e7in ortalama ayl\u0131k gelirin 10 kat\u0131na mal olan \u00f6zel \u00e7\u0131k\u0131\u015f vizesi ve davetiyeye gerek duymayacak. \/ K\u00fcba&#8217;da seyahat devrimi!<\/p>\n","protected":false},"author":4,"featured_media":180777,"comment_status":"open","ping_status":"open","sticky":false,"template":"","format":"standard","meta":{"_acf_changed":false,"footnotes":""},"categories":[6665,6155,6771,5005,6671,349],"tags":[14,927,78637,119669,16957],"class_list":["post-127475","post","type-post","status-publish","format-standard","has-post-thumbnail","hentry","category-dunya","category-gundem","category-latin-amerika","category-manset","category-seyahat","category-son-dakika","tag-kuba","tag-kuba-devrimi","tag-kuba-seyahat","tag-kuba-seyahati","tag-raul-castro"],"acf":[],"_links":{"self":[{"href":"https:\/\/www.nationalturk.com\/tr\/wp-json\/wp\/v2\/posts\/127475","targetHints":{"allow":["GET"]}}],"collection":[{"href":"https:\/\/www.nationalturk.com\/tr\/wp-json\/wp\/v2\/posts"}],"about":[{"href":"https:\/\/www.nationalturk.com\/tr\/wp-json\/wp\/v2\/types\/post"}],"author":[{"embeddable":true,"href":"https:\/\/www.nationalturk.com\/tr\/wp-json\/wp\/v2\/users\/4"}],"replies":[{"embeddable":true,"href":"https:\/\/www.nationalturk.com\/tr\/wp-json\/wp\/v2\/comments?post=127475"}],"version-history":[{"count":0,"href":"https:\/\/www.nationalturk.com\/tr\/wp-json\/wp\/v2\/posts\/127475\/revisions"}],"wp:featuredmedia":[{"embeddable":true,"href":"https:\/\/www.nationalturk.com\/tr\/wp-json\/wp\/v2\/media\/180777"}],"wp:attachment":[{"href":"https:\/\/www.nationalturk.com\/tr\/wp-json\/wp\/v2\/media?parent=127475"}],"wp:term":[{"taxonomy":"category","embeddable":true,"href":"https:\/\/www.nationalturk.com\/tr\/wp-json\/wp\/v2\/categories?post=127475"},{"taxonomy":"post_tag","embeddable":true,"href":"https:\/\/www.nationalturk.com\/tr\/wp-json\/wp\/v2\/tags?post=127475"}],"curies":[{"name":"wp","href":"https:\/\/api.w.org\/{rel}","templated":true}]}}