{"id":127661,"date":"2013-01-16T15:29:21","date_gmt":"2013-01-16T13:29:21","guid":{"rendered":"http:\/\/www.nationalturk.com\/?p=127661"},"modified":"2013-01-16T15:29:21","modified_gmt":"2013-01-16T13:29:21","slug":"kilicdaroglu-erdogan-cin-127661","status":"publish","type":"post","link":"https:\/\/www.nationalturk.com\/tr\/kilicdaroglu-erdogan-cin-127661\/","title":{"rendered":"K\u0131l\u0131\u00e7daro\u011flu Erdo\u011fan&#8217;a \u00c7in&#8217;de cevap verdi"},"content":{"rendered":"<h1><img loading=\"lazy\" decoding=\"async\" class=\"alignleft size-medium wp-image-127666\" alt=\"Kemal K\u0131l\u0131\u00e7daro\u011flu\" src=\"http:\/\/www.nationalturk.com\/tr\/wp-content\/uploads\/2013\/01\/kilicdaroglu_cin_23987-280x186.jpg\" width=\"280\" height=\"186\" title=\"\" srcset=\"https:\/\/www.nationalturk.com\/tr\/wp-content\/uploads\/2013\/01\/kilicdaroglu_cin_23987-280x186.jpg 280w, https:\/\/www.nationalturk.com\/tr\/wp-content\/uploads\/2013\/01\/kilicdaroglu_cin_23987-602x400.jpg 602w, https:\/\/www.nationalturk.com\/tr\/wp-content\/uploads\/2013\/01\/kilicdaroglu_cin_23987.jpg 712w\" sizes=\"auto, (max-width: 280px) 100vw, 280px\" \/>Cumhuriyet Halk Partisi (CHP) Genel Ba\u015fkan\u0131 Kemal K\u0131l\u0131\u00e7daro\u011flu, Ba\u015fbakan Recep Tayyip Erdo\u011fan\u2019\u0131n Fransa\u2019da \u00f6ld\u00fcr\u00fclen PKK\u2019l\u0131larla ilgili CHP i\u00e7inde \u2018fikir birli\u011fi olmad\u0131\u011f\u0131\u2019 y\u00f6n\u00fcndeki ele\u015ftirisine \u00c7in&#8217;de yan\u0131t verdi.<\/h1>\n<p>\u00c7in&#8217;de gazetecilerin sorular\u0131n\u0131 yan\u0131tlayan Kemal K\u0131l\u0131\u00e7daro\u011flu, Ba\u015fbakan Erdo\u011fan&#8217;\u0131n Fransa\u2019da \u00f6ld\u00fcr\u00fclen PKK\u2019l\u0131larla ilgili CHP i\u00e7inde \u2018fikir birli\u011fi olmad\u0131\u011f\u0131\u2019 y\u00f6n\u00fcndeki ele\u015ftirisinin hat\u0131rlat\u0131lmas\u0131 \u00fczerine &#8220;Ba\u015fbakan Erdo\u011fan, CHP\u2019yi izlemekten \u00fclkenin sorunlar\u0131n\u0131 izlemeye vakit bulam\u0131yor. Sorunumuz da bu. \u00dclkeyi y\u00f6netiyorsun, Ba\u015fbakan kimli\u011fine sahip \u00e7\u0131kmal\u0131s\u0131n. Enerjisini \u00fclke sorunlar\u0131na harcamas\u0131 gerekirken, ben CHP\u2019yi nas\u0131l ele\u015ftiririm a\u00e7\u0131\u011f\u0131 nas\u0131l bulurum. Hi\u00e7bir a\u00e7\u0131k bulamayacakt\u0131r. Partimizin kurallar\u0131 ilkeleri bellidir, kurallara ilkelere uyanlarla yolumuza devam ederiz. Sosyal demokrat insan\u0131 seven bir partiyiz. \u0130nsan\u0131 y\u00fcceltmek isteyen siyasal anlay\u0131\u015f\u0131m\u0131z var. \u0130nsan\u0131 y\u00fcceltmek isteyen anlay\u0131\u015f\u0131m\u0131z var. Bizim anlay\u0131\u015f\u0131m\u0131z bu. Ba\u015fbakan \u00fclkeye hizmet etmek istiyorsa bu k\u0131s\u0131r \u00e7eki\u015fmeleri b\u0131raks\u0131n. Uygar iki insan gibi konu\u015fmak varken, \u00fclkenin sorunlar\u0131n\u0131 \u00e7\u00f6zmek varken, bunlar\u0131n d\u0131\u015f\u0131na \u00e7\u0131k\u0131p \u00fclkeyi k\u0131s\u0131r siyasetin i\u00e7ine \u00e7ekmeyi do\u011fru bulmuyorum&#8221; ifadelerini kulland\u0131.<\/p>\n<p>K\u0131l\u0131\u00e7daro\u011flu, H\u00fcseyin Ayd\u0131n ile ilgili bir soruya ise &#8220;H\u00fcseyin Ayg\u00fcn ile herhangi bir g\u00f6r\u00fc\u015fmemiz olmad\u0131. Ankara&#8217;ya gidince olaylar\u0131 dinleyece\u011fim ve gere\u011fini yapaca\u011f\u0131m&#8221; diye cevap verdi.<\/p>\n<p>K\u0131l\u0131\u00e7daro\u011flu \u015f\u00f6yle devam etti: &#8220;Bizim politikam\u0131z, Mustafa Kemal Atat\u00fcrk\u2019\u00fcn ilkelerini belirledi\u011fi yurtta bar\u0131\u015f d\u00fcnyada bar\u0131\u015f. Biz hi\u00e7bir kom\u015fumuzla \u00e7at\u0131\u015fma i\u00e7ine girmek istemiyoruz. B\u00fct\u00fcn kom\u015fular\u0131m\u0131zla b\u00fct\u00fcn \u00fclkelerle bar\u0131\u015f i\u00e7inde ya\u015famak istiyoruz. Kendi k\u00fclt\u00fcr\u00fcm\u00fcz\u00fc ticaret alan\u0131m\u0131z\u0131 geni\u015fletmek istiyoruz. Bunlar\u0131 anlatt\u0131m. \u00c7inli yetkililer son derece memnun oldular. \u00c7in\u2019in Birle\u015fmi\u015f Milletlerde \u00f6nemli bir g\u00fcc\u00fc var. CHP\u2019yi, Mustafa Kemal Atat\u00fcrk\u2019\u00fcn ilkelerini dinlemekten memnun olduklar\u0131n\u0131 ifade ettiler. Biz e\u011fitim kurumlar\u0131m\u0131zda Mustafa Kemal\u2019i ve devrimlerini anlat\u0131yoruz dediler. Bundan son derece mutlu olduk.&#8221;<\/p>\n<!-- Error, Advert is not available at this time due to schedule\/geolocation restrictions! -->\n","protected":false},"excerpt":{"rendered":"<p>Cumhuriyet Halk Partisi (CHP) Genel Ba\u015fkan\u0131 Kemal K\u0131l\u0131\u00e7daro\u011flu, Ba\u015fbakan Recep Tayyip Erdo\u011fan\u2019\u0131n Fransa\u2019da \u00f6ld\u00fcr\u00fclen PKK\u2019l\u0131larla ilgili CHP i\u00e7inde \u2018fikir birli\u011fi olmad\u0131\u011f\u0131\u2019 y\u00f6n\u00fcndeki ele\u015ftirisine \u00c7in&#8217;de yan\u0131t verdi.<\/p>\n","protected":false},"author":4,"featured_media":180737,"comment_status":"open","ping_status":"open","sticky":false,"template":"","format":"standard","meta":{"_acf_changed":false,"footnotes":""},"categories":[6155,5005,6202,6805],"tags":[3888,5115,120506,787],"class_list":["post-127661","post","type-post","status-publish","format-standard","has-post-thumbnail","hentry","category-gundem","category-manset","category-politika","category-turkiye","tag-basbakan-erdogan","tag-kemal-kilicdaroglu","tag-kemal-kilicdaroglu-cin","tag-recep-tayyip-erdogan"],"acf":[],"_links":{"self":[{"href":"https:\/\/www.nationalturk.com\/tr\/wp-json\/wp\/v2\/posts\/127661","targetHints":{"allow":["GET"]}}],"collection":[{"href":"https:\/\/www.nationalturk.com\/tr\/wp-json\/wp\/v2\/posts"}],"about":[{"href":"https:\/\/www.nationalturk.com\/tr\/wp-json\/wp\/v2\/types\/post"}],"author":[{"embeddable":true,"href":"https:\/\/www.nationalturk.com\/tr\/wp-json\/wp\/v2\/users\/4"}],"replies":[{"embeddable":true,"href":"https:\/\/www.nationalturk.com\/tr\/wp-json\/wp\/v2\/comments?post=127661"}],"version-history":[{"count":0,"href":"https:\/\/www.nationalturk.com\/tr\/wp-json\/wp\/v2\/posts\/127661\/revisions"}],"wp:featuredmedia":[{"embeddable":true,"href":"https:\/\/www.nationalturk.com\/tr\/wp-json\/wp\/v2\/media\/180737"}],"wp:attachment":[{"href":"https:\/\/www.nationalturk.com\/tr\/wp-json\/wp\/v2\/media?parent=127661"}],"wp:term":[{"taxonomy":"category","embeddable":true,"href":"https:\/\/www.nationalturk.com\/tr\/wp-json\/wp\/v2\/categories?post=127661"},{"taxonomy":"post_tag","embeddable":true,"href":"https:\/\/www.nationalturk.com\/tr\/wp-json\/wp\/v2\/tags?post=127661"}],"curies":[{"name":"wp","href":"https:\/\/api.w.org\/{rel}","templated":true}]}}