{"id":128127,"date":"2013-01-22T16:00:40","date_gmt":"2013-01-22T14:00:40","guid":{"rendered":"http:\/\/www.nationalturk.com\/?p=128127"},"modified":"2013-01-22T16:00:40","modified_gmt":"2013-01-22T14:00:40","slug":"iran-opusme-skandali-video-128127","status":"publish","type":"post","link":"https:\/\/www.nationalturk.com\/tr\/iran-opusme-skandali-video-128127\/","title":{"rendered":"K\u0131z \u00f6\u011frencilere k\u0131s\u0131tlamalar getiren \u0130ranl\u0131 bakan asans\u00f6rde \u00f6p\u00fc\u015f\u00fcrken yakaland\u0131 (Video)"},"content":{"rendered":"<h1><img loading=\"lazy\" decoding=\"async\" class=\"alignleft  wp-image-128128\" alt=\"\u0130ran&#039;da \u00f6p\u00fc\u015fme skandal\u0131\" src=\"http:\/\/www.nationalturk.com\/tr\/wp-content\/uploads\/2013\/01\/iran_opusme-e1358862890967.jpg\" width=\"325\" height=\"218\" title=\"\" srcset=\"https:\/\/www.nationalturk.com\/tr\/wp-content\/uploads\/2013\/01\/iran_opusme-e1358862890967.jpg 464w, https:\/\/www.nationalturk.com\/tr\/wp-content\/uploads\/2013\/01\/iran_opusme-e1358862890967-280x188.jpg 280w\" sizes=\"auto, (max-width: 325px) 100vw, 325px\" \/>\u0130ran&#8217;da skandal \u00f6p\u00fc\u015fme! \u00dclkede k\u0131z \u00f6\u011frencilere getirdi\u011fi k\u0131s\u0131tlamalarla g\u00fcndeme gelen Bilim ve Y\u00fcksek E\u011fitim Bakan\u0131 Kamran Dane\u015f\u00e7u, \u0130ran Ulusal M\u00fcze M\u00fcd\u00fcr\u00fc Azade Ardakani ile asans\u00f6rde \u00f6p\u00fc\u015f\u00fcrken g\u00f6r\u00fcnt\u00fclendi. (Video)<\/h1>\n<p>\u0130ran&#8217;da g\u00fcvenlik kameras\u0131ndan \u00e7\u0131kan \u00f6p\u00fc\u015fme g\u00f6r\u00fcnt\u00fcleri \u00fclkeyi kar\u0131\u015ft\u0131rd\u0131. G\u00fcvenlik kameras\u0131n\u0131n kaydetti\u011fi karelerde bir bakanla bir kad\u0131n b\u00fcrokrat\u0131n \u00f6p\u00fc\u015fmesi \u0130ran&#8217;da g\u00fcndemi olu\u015fturdu.<\/p>\n<p>Arap bas\u0131n\u0131, g\u00f6r\u00fcnt\u00fclerde \u00f6p\u00fc\u015f\u00fcrken g\u00f6r\u00fcnenlerin \u0130ran Bilim ve Y\u00fcksek E\u011fitim Bakan\u0131 Kamran Dane\u015f\u00e7u ve \u0130ran Ulusal M\u00fcze M\u00fcd\u00fcr\u00fc Azade Ardakani oldu\u011funu iddia etti.<\/p>\n<p>G\u00fcvenlik kameras\u0131 g\u00f6r\u00fcnt\u00fcleri, internetteki sosyal payla\u015f\u0131m siteleri ve bir Arap haber kanal\u0131nda yay\u0131nlamas\u0131yla \u0130ran&#8217;da g\u00fcn\u00fcn konusu oldu.<\/p>\n<p>Sans\u00fcrle bo\u011fu\u015fan \u0130ran medyas\u0131 ve \u0130ran devletinin yay\u0131n organlar\u0131 olay\u0131 hen\u00fcz haber yapmad\u0131 ancak internette milyonlarca \u0130ranl\u0131 g\u00f6r\u00fcnt\u00fcleri izledi.<\/p>\n<p>Bilim ve Y\u00fcksek E\u011fitim Bakan\u0131 Dane\u015f\u00e7u ge\u00e7ti\u011fimiz y\u0131l k\u0131z \u00f6\u011frencilerin \u00fcniversitelerdeki 77 akademik programda okumalar\u0131n\u0131n yasaklanmas\u0131 talebiyle g\u00fcndeme gelmi\u015fti.<\/p>\n[media id=1987 width=610 height=340]\n<!-- Error, Advert is not available at this time due to schedule\/geolocation restrictions! -->\n","protected":false},"excerpt":{"rendered":"<p>\u0130ran&#8217;da skandal \u00f6p\u00fc\u015fme! \u00dclkede k\u0131z \u00f6\u011frencilere getirdi\u011fi k\u0131s\u0131tlamalarla g\u00fcndeme gelen Bilim ve Y\u00fcksek E\u011fitim Bakan\u0131 Kamran Dane\u015f\u00e7u, \u0130ran Ulusal M\u00fcze M\u00fcd\u00fcr\u00fc Azade Ardakani ile asans\u00f6rde \u00f6p\u00fc\u015f\u00fcrken g\u00f6r\u00fcnt\u00fclendi. (Video)<\/p>\n","protected":false},"author":4,"featured_media":180652,"comment_status":"open","ping_status":"open","sticky":false,"template":"","format":"standard","meta":{"_acf_changed":false,"footnotes":""},"categories":[6769,6665,6155,5005,6772,342],"tags":[1981],"class_list":["post-128127","post","type-post","status-publish","format-standard","has-post-thumbnail","hentry","category-asya","category-dunya","category-gundem","category-manset","category-ortadogu","category-video","tag-iran"],"acf":[],"_links":{"self":[{"href":"https:\/\/www.nationalturk.com\/tr\/wp-json\/wp\/v2\/posts\/128127","targetHints":{"allow":["GET"]}}],"collection":[{"href":"https:\/\/www.nationalturk.com\/tr\/wp-json\/wp\/v2\/posts"}],"about":[{"href":"https:\/\/www.nationalturk.com\/tr\/wp-json\/wp\/v2\/types\/post"}],"author":[{"embeddable":true,"href":"https:\/\/www.nationalturk.com\/tr\/wp-json\/wp\/v2\/users\/4"}],"replies":[{"embeddable":true,"href":"https:\/\/www.nationalturk.com\/tr\/wp-json\/wp\/v2\/comments?post=128127"}],"version-history":[{"count":0,"href":"https:\/\/www.nationalturk.com\/tr\/wp-json\/wp\/v2\/posts\/128127\/revisions"}],"wp:featuredmedia":[{"embeddable":true,"href":"https:\/\/www.nationalturk.com\/tr\/wp-json\/wp\/v2\/media\/180652"}],"wp:attachment":[{"href":"https:\/\/www.nationalturk.com\/tr\/wp-json\/wp\/v2\/media?parent=128127"}],"wp:term":[{"taxonomy":"category","embeddable":true,"href":"https:\/\/www.nationalturk.com\/tr\/wp-json\/wp\/v2\/categories?post=128127"},{"taxonomy":"post_tag","embeddable":true,"href":"https:\/\/www.nationalturk.com\/tr\/wp-json\/wp\/v2\/tags?post=128127"}],"curies":[{"name":"wp","href":"https:\/\/api.w.org\/{rel}","templated":true}]}}