{"id":128184,"date":"2013-01-23T11:43:15","date_gmt":"2013-01-23T09:43:15","guid":{"rendered":"http:\/\/www.nationalturk.com\/?p=128184"},"modified":"2013-01-23T11:43:15","modified_gmt":"2013-01-23T09:43:15","slug":"son-dakika-savci-tarkan-icin-tedavi-istedi-128184","status":"publish","type":"post","link":"https:\/\/www.nationalturk.com\/tr\/son-dakika-savci-tarkan-icin-tedavi-istedi-128184\/","title":{"rendered":"Son Dakika! Savc\u0131 Tarkan i\u00e7in tedavi istedi!"},"content":{"rendered":"<h1><img loading=\"lazy\" decoding=\"async\" class=\"alignleft size-medium wp-image-128185\" alt=\"Tarkan\" src=\"http:\/\/www.nationalturk.com\/tr\/wp-content\/uploads\/2013\/01\/tarkan_gozalti-275x220.jpg\" width=\"275\" height=\"220\" title=\"\" srcset=\"https:\/\/www.nationalturk.com\/tr\/wp-content\/uploads\/2013\/01\/tarkan_gozalti-275x220.jpg 275w, https:\/\/www.nationalturk.com\/tr\/wp-content\/uploads\/2013\/01\/tarkan_gozalti-500x400.jpg 500w, https:\/\/www.nationalturk.com\/tr\/wp-content\/uploads\/2013\/01\/tarkan_gozalti.jpg 563w\" sizes=\"auto, (max-width: 275px) 100vw, 275px\" \/>Arkada\u015flar\u0131na uyu\u015fturucu temin etmekle su\u00e7lanan Tarkan hakk\u0131nda savc\u0131 m\u00fctalaas\u0131n\u0131 a\u00e7\u0131klad\u0131. Savc\u0131 Tarkan i\u00e7in denetimli serbestlik ve tedavi talep etti.<\/h1>\n<p>Tarkan&#8217;un uyu\u015fturucu davas\u0131nda savc\u0131 m\u00fctalaas\u0131n\u0131 a\u00e7\u0131klad\u0131. Savc\u0131, Tarkan&#8217;\u0131n tedavi g\u00f6rmesini ve denetimli serbest b\u0131rak\u0131lmas\u0131n\u0131 talep etti.<\/p>\n<p>2010 y\u0131l\u0131n\u0131n \u015eubat ay\u0131nda d\u00fczenlenen operasyonda g\u00f6zalt\u0131na al\u0131nan Tarkan, arkada\u015flar\u0131na uyu\u015fturucu temin etmekle su\u00e7lan\u0131yor.<\/p>\n<!-- Error, Advert is not available at this time due to schedule\/geolocation restrictions! -->\n","protected":false},"excerpt":{"rendered":"<p>Arkada\u015flar\u0131na uyu\u015fturucu temin etmekle su\u00e7lanan Tarkan hakk\u0131nda savc\u0131 m\u00fctalaas\u0131n\u0131 a\u00e7\u0131klad\u0131. Savc\u0131 Tarkan i\u00e7in denetimli serbestlik ve tedavi talep etti.<\/p>\n","protected":false},"author":4,"featured_media":180638,"comment_status":"open","ping_status":"open","sticky":false,"template":"","format":"standard","meta":{"_acf_changed":false,"footnotes":""},"categories":[6155,6232,5005,349,6805],"tags":[27382,3277,17182,80301,80302,121439,80304,16963,121441,80305],"class_list":["post-128184","post","type-post","status-publish","format-standard","has-post-thumbnail","hentry","category-gundem","category-magazin","category-manset","category-son-dakika","category-turkiye","tag-son-dakika","tag-tarkan","tag-tarkan-esrar","tag-tarkan-mahkeme","tag-tarkan-mahkemede","tag-tarkan-son-dakika","tag-tarkan-tevetoglu","tag-tarkan-uyusturucu","tag-tarkan-uyusturucu-davasi","tag-tarkan-uyusturucu-kullandim"],"acf":[],"_links":{"self":[{"href":"https:\/\/www.nationalturk.com\/tr\/wp-json\/wp\/v2\/posts\/128184","targetHints":{"allow":["GET"]}}],"collection":[{"href":"https:\/\/www.nationalturk.com\/tr\/wp-json\/wp\/v2\/posts"}],"about":[{"href":"https:\/\/www.nationalturk.com\/tr\/wp-json\/wp\/v2\/types\/post"}],"author":[{"embeddable":true,"href":"https:\/\/www.nationalturk.com\/tr\/wp-json\/wp\/v2\/users\/4"}],"replies":[{"embeddable":true,"href":"https:\/\/www.nationalturk.com\/tr\/wp-json\/wp\/v2\/comments?post=128184"}],"version-history":[{"count":0,"href":"https:\/\/www.nationalturk.com\/tr\/wp-json\/wp\/v2\/posts\/128184\/revisions"}],"wp:featuredmedia":[{"embeddable":true,"href":"https:\/\/www.nationalturk.com\/tr\/wp-json\/wp\/v2\/media\/180638"}],"wp:attachment":[{"href":"https:\/\/www.nationalturk.com\/tr\/wp-json\/wp\/v2\/media?parent=128184"}],"wp:term":[{"taxonomy":"category","embeddable":true,"href":"https:\/\/www.nationalturk.com\/tr\/wp-json\/wp\/v2\/categories?post=128184"},{"taxonomy":"post_tag","embeddable":true,"href":"https:\/\/www.nationalturk.com\/tr\/wp-json\/wp\/v2\/tags?post=128184"}],"curies":[{"name":"wp","href":"https:\/\/api.w.org\/{rel}","templated":true}]}}