{"id":128264,"date":"2013-01-23T22:05:51","date_gmt":"2013-01-23T20:05:51","guid":{"rendered":"http:\/\/www.nationalturk.com\/?p=128264"},"modified":"2013-01-23T22:05:51","modified_gmt":"2013-01-23T20:05:51","slug":"guney-afrika-yeni-bir-tilki-turu-fosili-128264","status":"publish","type":"post","link":"https:\/\/www.nationalturk.com\/tr\/guney-afrika-yeni-bir-tilki-turu-fosili-128264\/","title":{"rendered":"G\u00fcney Afrika&#8217;da yeni bir tilki t\u00fcr\u00fcn\u00fcn fosili bulundu"},"content":{"rendered":"<h1><a href=\"http:\/\/www.nationalturk.com\/tr\/wp-content\/uploads\/2013\/01\/guney-afrika-tilki-fosil.jpg\"><img loading=\"lazy\" decoding=\"async\" class=\"alignleft size-medium wp-image-128265\" alt=\"G\u00fcney Afrika&#039;da yeni bir tilki t\u00fcr\u00fcn\u00fcn fosili bulundu\" src=\"http:\/\/www.nationalturk.com\/tr\/wp-content\/uploads\/2013\/01\/guney-afrika-tilki-fosil-280x160.jpg\" width=\"280\" height=\"160\" title=\"\" srcset=\"https:\/\/www.nationalturk.com\/tr\/wp-content\/uploads\/2013\/01\/guney-afrika-tilki-fosil-280x160.jpg 280w, https:\/\/www.nationalturk.com\/tr\/wp-content\/uploads\/2013\/01\/guney-afrika-tilki-fosil.jpg 610w\" sizes=\"auto, (max-width: 280px) 100vw, 280px\" \/><\/a>G\u00fcney Afrika&#8217;da yeni bir tilki t\u00fcr\u00fcn\u00fcn fosili bulundu.<\/h1>\n<p>G\u00fcney Afrika&#8217;da, 2 milyon y\u0131l \u00f6ncesine ait oldu\u011fu ve bug\u00fcne dek bilinmedi\u011fi bildirilen bir tilki t\u00fcr\u00fcn\u00fcn fosili bulundu.<\/p>\n<p>Fosil, arkeologlar taraf\u0131ndan Johannesburg kentindeki Malapa Ma\u011faras\u0131&#8217;nda bulundu.<\/p>\n<p>&#8221;Transactions of the Royal Society of South Africa&#8221; dergisinde fosile ili\u015fkin yay\u0131mlanan makaleye imza atanlardan Brian Kuhn, tilkilerin atas\u0131n\u0131n Afrika&#8217;da en az bilinen etoburlardan oldu\u011funu belirterek, s\u00f6z konusu fosilin bulunmas\u0131n\u0131n heyecan verici oldu\u011funu ifade etti.<\/p>\n<p>Fosile, G\u00fcney Afrikal\u0131 \u00e7evre uzman\u0131 John Skinner&#8217;dan esinlenilerek &#8221;Vulpes Skinneri&#8221; ad\u0131 verildi.<\/p>\n<!-- Error, Advert is not available at this time due to schedule\/geolocation restrictions! -->\n","protected":false},"excerpt":{"rendered":"<p>G\u00fcney Afrika&#8217;da yeni bir tilki t\u00fcr\u00fcn\u00fcn fosili bulundu.2 milyon y\u0131l \u00f6ncesine ait oldu\u011fu ve bug\u00fcne dek bilinmedi\u011fi bildirilen bir tilki t\u00fcr\u00fcn\u00fcn fosili bulundu.<\/p>\n","protected":false},"author":3,"featured_media":180622,"comment_status":"open","ping_status":"open","sticky":false,"template":"","format":"standard","meta":{"_acf_changed":false,"footnotes":""},"categories":[6767,6665,6662],"tags":[601],"class_list":["post-128264","post","type-post","status-publish","format-standard","has-post-thumbnail","hentry","category-afrika","category-dunya","category-yasam","tag-guney-afrika"],"acf":[],"_links":{"self":[{"href":"https:\/\/www.nationalturk.com\/tr\/wp-json\/wp\/v2\/posts\/128264","targetHints":{"allow":["GET"]}}],"collection":[{"href":"https:\/\/www.nationalturk.com\/tr\/wp-json\/wp\/v2\/posts"}],"about":[{"href":"https:\/\/www.nationalturk.com\/tr\/wp-json\/wp\/v2\/types\/post"}],"author":[{"embeddable":true,"href":"https:\/\/www.nationalturk.com\/tr\/wp-json\/wp\/v2\/users\/3"}],"replies":[{"embeddable":true,"href":"https:\/\/www.nationalturk.com\/tr\/wp-json\/wp\/v2\/comments?post=128264"}],"version-history":[{"count":0,"href":"https:\/\/www.nationalturk.com\/tr\/wp-json\/wp\/v2\/posts\/128264\/revisions"}],"wp:featuredmedia":[{"embeddable":true,"href":"https:\/\/www.nationalturk.com\/tr\/wp-json\/wp\/v2\/media\/180622"}],"wp:attachment":[{"href":"https:\/\/www.nationalturk.com\/tr\/wp-json\/wp\/v2\/media?parent=128264"}],"wp:term":[{"taxonomy":"category","embeddable":true,"href":"https:\/\/www.nationalturk.com\/tr\/wp-json\/wp\/v2\/categories?post=128264"},{"taxonomy":"post_tag","embeddable":true,"href":"https:\/\/www.nationalturk.com\/tr\/wp-json\/wp\/v2\/tags?post=128264"}],"curies":[{"name":"wp","href":"https:\/\/api.w.org\/{rel}","templated":true}]}}