{"id":128453,"date":"2013-01-25T18:19:47","date_gmt":"2013-01-25T16:19:47","guid":{"rendered":"http:\/\/www.nationalturk.com\/?p=128453"},"modified":"2013-01-25T18:19:47","modified_gmt":"2013-01-25T16:19:47","slug":"salih-firat-bombalayarak-gitti-chpde-deprem-suruyor-128453","status":"publish","type":"post","link":"https:\/\/www.nationalturk.com\/tr\/salih-firat-bombalayarak-gitti-chpde-deprem-suruyor-128453\/","title":{"rendered":"Salih F\u0131rat bombalayarak gitti! \/ CHP&#8217;de deprem s\u00fcr\u00fcyor"},"content":{"rendered":"<h1><img loading=\"lazy\" decoding=\"async\" class=\"alignleft size-medium wp-image-128454\" alt=\"Salih F\u0131rat\" src=\"http:\/\/www.nationalturk.com\/tr\/wp-content\/uploads\/2013\/01\/salih_firat_istifa1-e1359130666716-280x192.jpg\" width=\"280\" height=\"192\" title=\"\" srcset=\"https:\/\/www.nationalturk.com\/tr\/wp-content\/uploads\/2013\/01\/salih_firat_istifa1-e1359130666716-280x192.jpg 280w, https:\/\/www.nationalturk.com\/tr\/wp-content\/uploads\/2013\/01\/salih_firat_istifa1-e1359130666716.jpg 491w\" sizes=\"auto, (max-width: 280px) 100vw, 280px\" \/>CHP&#8217;de Birg\u00fcl Ayman G\u00fcler&#8217;in s\u00f6zleriyle ba\u015flayan kriz Ad\u0131yaman Milletvekili Salih F\u0131rat&#8217;\u0131n kesin istifa karar\u0131yla devam ediyor.<\/h1>\n<p>Birg\u00fcl Ayman G\u00fcler&#8217;in a\u00e7\u0131klamalar\u0131n\u0131 gerek\u00e7e g\u00f6stererek CHP&#8217;den istifa eden Ad\u0131yaman milletvekili Salih F\u0131rat zehir zemberek bir yaz\u0131l\u0131 a\u00e7\u0131klama yapt\u0131.<\/p>\n<p>CHP\u2019den istifa eden Ad\u0131yaman Milletvekili Salih F\u0131rat yapt\u0131\u011f\u0131 yaz\u0131l\u0131 a\u00e7\u0131klamada istifas\u0131n\u0131n bir ki\u015fiye endeksli olmad\u0131\u011f\u0131n\u0131 ifade ederek &#8220;Beni istifaya g\u00f6t\u00fcren s\u00fcreci \u00e7ok detayland\u0131rmayaca\u011f\u0131m. Ancak anadilde savunma hakk\u0131na ili\u015fkin kanun tasar\u0131 g\u00f6r\u00fc\u015fmeleri s\u0131ras\u0131nda, sata\u015fma gerek\u00e7esiyle parti grubu ad\u0131na s\u00f6z alm\u0131\u015f olan ve daha \u00f6nce Parti S\u00f6zc\u00fcl\u00fc\u011f\u00fc g\u00f6revini yapm\u0131\u015f bulunan, halen PM \u00fcyeli\u011fi g\u00f6revini y\u00fcr\u00fcten arkada\u015f\u0131m\u0131z\u0131n &#8220;T\u00fcrk ulusuyla K\u00fcrt milliyetini e\u015fit, e\u015fde\u011ferde g\u00f6rd\u00fcremezsiniz\u2019, \u2019T\u00fcrkiye\u2019de K\u00fcrt sorunu yoktur\u2019, \u2019Bundan sonra biz savunmaday\u0131z, bundan sonra me\u015fru m\u00fcdafaa hakk\u0131 i\u00e7in sald\u0131r\u0131day\u0131z\u2019 \u015feklinde sarf etti\u011fi c\u00fcmleler ve bu c\u00fcmlelerin de birka\u00e7 milletvekili hari\u00e7, Genel Kurul\u2019da bulunan CHP Grubu milletvekili arkada\u015flar\u0131m\u0131z\u0131n neredeyse tamam\u0131 taraf\u0131ndan alk\u0131\u015flanm\u0131\u015f olmas\u0131 son bir k\u0131r\u0131lma noktas\u0131 olmu\u015ftur&#8221; dedi.<\/p>\n<p>Salih F\u0131rat a\u00e7\u0131klamas\u0131na \u015f\u00f6yle devam etti:<\/p>\n<p>&#8220;Bu anlay\u0131\u015f\u0131n bir zamanlar, birilerinin \u2019T\u00fcrk olmayanlar\u0131n bu memlekette tek haklar\u0131 vard\u0131r. Hizmet\u00e7i olma, k\u00f6le olma hakk\u0131\u2019 anlay\u0131\u015f\u0131ndan bir fark\u0131 yoktur. Ben, T\u00fcrkiye Cumhuriyeti vatanda\u015f\u0131 bir K\u00fcrd\u00fcm. Hi\u00e7bir bir zaman, bir halk\u0131 mensup oldu\u011fu kimlik nedeniyle de di\u011fer bir halktan \u00fcst\u00fcn g\u00f6rmedim. K\u00fcrt sorununun \u00e7\u00f6z\u00fcm\u00fcne ili\u015fkin olarak ba\u015flat\u0131lm\u0131\u015f bulunan bu s\u00fcrecin, e\u015fitlik ve \u00f6zg\u00fcrl\u00fck temelinde bir \u00e7\u00f6z\u00fcme evrilebilmesi i\u00e7in gerekli katk\u0131n\u0131n sunulmas\u0131 gerekirken, sorunun \u00e7\u00f6z\u00fcm\u00fcne engel, \u00e7\u00f6z\u00fcm\u00fc zorla\u015ft\u0131racak bir yakla\u015f\u0131m i\u00e7ine girilmesini do\u011fru bulmad\u0131\u011f\u0131m\u0131 belirtmek isterim. Bug\u00fcne kadar ya\u015fanan s\u00fcre\u00e7 nedeniyle, partimden istifa ederek, ba\u011f\u0131ms\u0131z milletvekili olarak devam etmeyi uygun g\u00f6rd\u00fcm. Bundan sonra da e\u015fitlik\u00e7i ve \u00f6zg\u00fcrl\u00fck\u00e7\u00fc bir anlay\u0131\u015f temelinde, genelde t\u00fcm T\u00fcrkiye halklar\u0131n\u0131n \u00f6zelde Ad\u0131yamanl\u0131 hem\u015fehrilerimin emrinde ba\u011f\u0131ms\u0131z milletvekili olarak \u00e7al\u0131\u015fmalar\u0131m\u0131 s\u00fcrd\u00fcrece\u011fim.&#8221;<\/p>\n<!-- Error, Advert is not available at this time due to schedule\/geolocation restrictions! -->\n","protected":false},"excerpt":{"rendered":"<p>CHP&#8217;de Birg\u00fcl Ayman G\u00fcler&#8217;in s\u00f6zleriyle ba\u015flayan kriz Ad\u0131yaman Milletvekili Salih F\u0131rat&#8217;\u0131n kesin istifa karar\u0131yla devam ediyor.<\/p>\n","protected":false},"author":4,"featured_media":180589,"comment_status":"open","ping_status":"open","sticky":false,"template":"","format":"standard","meta":{"_acf_changed":false,"footnotes":""},"categories":[6155,5005,6202,349,6805],"tags":[2306,85814,8723,121553,46560,5070,41502,121551,121573,121712,121552,6871],"class_list":["post-128453","post","type-post","status-publish","format-standard","has-post-thumbnail","hentry","category-gundem","category-manset","category-politika","category-son-dakika","category-turkiye","tag-adiyaman","tag-birgul-ayman-guler","tag-chp","tag-chp-adiyaman","tag-chp-istifa","tag-cumhuriyet-halk-partisi","tag-genel-kurul","tag-salih-firat-istfa","tag-salih-firat-istifa","tag-salih-firat-istifa-aciklamasi","tag-salih-firat-istifa-etti","tag-tbmm"],"acf":[],"_links":{"self":[{"href":"https:\/\/www.nationalturk.com\/tr\/wp-json\/wp\/v2\/posts\/128453","targetHints":{"allow":["GET"]}}],"collection":[{"href":"https:\/\/www.nationalturk.com\/tr\/wp-json\/wp\/v2\/posts"}],"about":[{"href":"https:\/\/www.nationalturk.com\/tr\/wp-json\/wp\/v2\/types\/post"}],"author":[{"embeddable":true,"href":"https:\/\/www.nationalturk.com\/tr\/wp-json\/wp\/v2\/users\/4"}],"replies":[{"embeddable":true,"href":"https:\/\/www.nationalturk.com\/tr\/wp-json\/wp\/v2\/comments?post=128453"}],"version-history":[{"count":0,"href":"https:\/\/www.nationalturk.com\/tr\/wp-json\/wp\/v2\/posts\/128453\/revisions"}],"wp:featuredmedia":[{"embeddable":true,"href":"https:\/\/www.nationalturk.com\/tr\/wp-json\/wp\/v2\/media\/180589"}],"wp:attachment":[{"href":"https:\/\/www.nationalturk.com\/tr\/wp-json\/wp\/v2\/media?parent=128453"}],"wp:term":[{"taxonomy":"category","embeddable":true,"href":"https:\/\/www.nationalturk.com\/tr\/wp-json\/wp\/v2\/categories?post=128453"},{"taxonomy":"post_tag","embeddable":true,"href":"https:\/\/www.nationalturk.com\/tr\/wp-json\/wp\/v2\/tags?post=128453"}],"curies":[{"name":"wp","href":"https:\/\/api.w.org\/{rel}","templated":true}]}}