{"id":128810,"date":"2013-01-30T14:50:00","date_gmt":"2013-01-30T12:50:00","guid":{"rendered":"http:\/\/www.nationalturk.com\/?p=128810"},"modified":"2013-01-30T14:50:00","modified_gmt":"2013-01-30T12:50:00","slug":"arif-pecenek-topraga-verildi-128810","status":"publish","type":"post","link":"https:\/\/www.nationalturk.com\/tr\/arif-pecenek-topraga-verildi-128810\/","title":{"rendered":"Arif Pe\u00e7enek topra\u011fa verildi"},"content":{"rendered":"<h1><img loading=\"lazy\" decoding=\"async\" class=\"size-medium wp-image-128811 alignleft\" alt=\"ARIF PECENEK SON YOLCULUGUNA UGURLANIYOR\" src=\"http:\/\/www.nationalturk.com\/tr\/wp-content\/uploads\/2013\/01\/arif_pecenek_cenaze-e1359550114688-280x198.jpg\" width=\"280\" height=\"198\" title=\"\" srcset=\"https:\/\/www.nationalturk.com\/tr\/wp-content\/uploads\/2013\/01\/arif_pecenek_cenaze-e1359550114688-280x198.jpg 280w, https:\/\/www.nationalturk.com\/tr\/wp-content\/uploads\/2013\/01\/arif_pecenek_cenaze-e1359550114688.jpg 473w\" sizes=\"auto, (max-width: 280px) 100vw, 280px\" \/>Kalp krizi sonucu vefat eden TK\u0130 Tav\u015fanl\u0131 Linyitspor Teknik Direkt\u00f6r\u00fc, eski milli kaleci Arif Pe\u00e7enek cenaze t\u00f6reni sonras\u0131 topra\u011fa verildi.<\/h1>\n<p>Hac\u0131 Bayramveli Camii\u2019nde d\u00fczenlenen cenaze t\u00f6renine Pe\u00e7enek\u2019in annesi Enise, babas\u0131 Ali, e\u015fi Dilek, o\u011flu Alican ile eski milli futbolcu ve AK Parti \u0130stanbul Milletvekili Hakan \u015e\u00fck\u00fcr, MHP \u0130stanbul Milletvekili Murat Ba\u015fesgio\u011flu, Be\u015fikta\u015f Teknik Direkt\u00f6r\u00fc Samet Aybaba, Gaziantepspor Teknik Direkt\u00f6r\u00fc Hikmet Karaman, eski milli futbolcu Tanju \u00c7olak, baz\u0131 futbolcular ve vatanda\u015flar kat\u0131ld\u0131.<\/p>\n<p>Eski milli futbolcu Tanju \u00c7olak yapt\u0131\u011f\u0131 a\u00e7\u0131klamada, &#8220;\u00c7ok \u00f6nemli bir de\u011fer, benim abim. Benim tak\u0131m arkada\u015f\u0131m. Ger\u00e7ekten g\u00fczel bir adamd\u0131. Kalbi de g\u00fczeldi. Kendi de g\u00fczeldi. G\u00f6nl\u00fc de g\u00fczeldi. Adam gibi adamd\u0131. Yeri doldurulmaz bir ki\u015filikti. Mek\u00e2n\u0131 cennet olsun&#8221; dedi. Tanju \u00c7olak&#8217;\u0131n g\u00f6zya\u015flar\u0131n\u0131 tutamad\u0131\u011f\u0131 g\u00f6r\u00fcld\u00fc.<\/p>\n<p>Arif Pe\u00e7enek\u2019in cenaze namaz\u0131 \u00f6\u011fle namaz\u0131n\u0131n ard\u0131ndan k\u0131l\u0131nd\u0131. Pe\u00e7enek&#8217;in naa\u015f\u0131 daha sonra topra\u011fa verilmek \u00fczere K\u0131z\u0131lcahamam&#8217;a g\u00f6t\u00fcr\u00fcld\u00fc.<\/p>\n<!-- Error, Advert is not available at this time due to schedule\/geolocation restrictions! -->\n","protected":false},"excerpt":{"rendered":"<p>Kalp krizi sonucu vefat eden TK\u0130 Tav\u015fanl\u0131 Linyitspor Teknik Direkt\u00f6r\u00fc, eski milli kaleci Arif Pe\u00e7enek cenaze t\u00f6reni sonras\u0131 topra\u011fa verildi.<\/p>\n","protected":false},"author":4,"featured_media":180526,"comment_status":"open","ping_status":"open","sticky":false,"template":"","format":"standard","meta":{"_acf_changed":false,"footnotes":""},"categories":[6774,6194],"tags":[8832,26271,20046],"class_list":["post-128810","post","type-post","status-publish","format-standard","has-post-thumbnail","hentry","category-futbol","category-spor","tag-ankaragucu","tag-hakan-sukur","tag-tanju-colak"],"acf":[],"_links":{"self":[{"href":"https:\/\/www.nationalturk.com\/tr\/wp-json\/wp\/v2\/posts\/128810","targetHints":{"allow":["GET"]}}],"collection":[{"href":"https:\/\/www.nationalturk.com\/tr\/wp-json\/wp\/v2\/posts"}],"about":[{"href":"https:\/\/www.nationalturk.com\/tr\/wp-json\/wp\/v2\/types\/post"}],"author":[{"embeddable":true,"href":"https:\/\/www.nationalturk.com\/tr\/wp-json\/wp\/v2\/users\/4"}],"replies":[{"embeddable":true,"href":"https:\/\/www.nationalturk.com\/tr\/wp-json\/wp\/v2\/comments?post=128810"}],"version-history":[{"count":0,"href":"https:\/\/www.nationalturk.com\/tr\/wp-json\/wp\/v2\/posts\/128810\/revisions"}],"wp:featuredmedia":[{"embeddable":true,"href":"https:\/\/www.nationalturk.com\/tr\/wp-json\/wp\/v2\/media\/180526"}],"wp:attachment":[{"href":"https:\/\/www.nationalturk.com\/tr\/wp-json\/wp\/v2\/media?parent=128810"}],"wp:term":[{"taxonomy":"category","embeddable":true,"href":"https:\/\/www.nationalturk.com\/tr\/wp-json\/wp\/v2\/categories?post=128810"},{"taxonomy":"post_tag","embeddable":true,"href":"https:\/\/www.nationalturk.com\/tr\/wp-json\/wp\/v2\/tags?post=128810"}],"curies":[{"name":"wp","href":"https:\/\/api.w.org\/{rel}","templated":true}]}}