{"id":128838,"date":"2013-01-30T16:56:13","date_gmt":"2013-01-30T14:56:13","guid":{"rendered":"http:\/\/www.nationalturk.com\/?p=128838"},"modified":"2022-09-11T18:07:10","modified_gmt":"2022-09-11T15:07:10","slug":"saglik-bakanligindan-domuz-gribi-aciklamasi-128838","status":"publish","type":"post","link":"https:\/\/www.nationalturk.com\/tr\/saglik-bakanligindan-domuz-gribi-aciklamasi-128838\/","title":{"rendered":"Sa\u011fl\u0131k Bakanl\u0131\u011f\u0131&#8217;ndan domuz gribi a\u00e7\u0131klamas\u0131"},"content":{"rendered":"<h1><img loading=\"lazy\" decoding=\"async\" class=\"alignleft size-medium wp-image-128839\" src=\"http:\/\/www.nationalturk.com\/tr\/wp-content\/uploads\/2013\/01\/domuz_gribi_maske-280x177.jpg\" alt=\"\" width=\"280\" height=\"177\" title=\"\" srcset=\"https:\/\/www.nationalturk.com\/tr\/wp-content\/uploads\/2013\/01\/domuz_gribi_maske-280x177.jpg 280w, https:\/\/www.nationalturk.com\/tr\/wp-content\/uploads\/2013\/01\/domuz_gribi_maske.jpg 400w\" sizes=\"auto, (max-width: 280px) 100vw, 280px\" \/>Domuz gribi vakalar\u0131n\u0131n tekrar g\u00f6r\u00fclmeye ba\u015fland\u0131\u011f\u0131 iddialar\u0131 \u00fczerine Sa\u011fl\u0131k Bakanl\u0131\u011f\u0131 yaz\u0131l\u0131 a\u00e7\u0131klama yapt\u0131.<\/h1>\n<p>A\u00e7\u0131klamada. &#8220;Bilindi\u011fi \u00fczere Pandemik \u0130nfluenza A H1N1 vir\u00fcs\u00fc 2009 y\u0131l\u0131nda tespit edilmi\u015f ve o d\u00f6nemde domuzlarda g\u00f6r\u00fclen grip vir\u00fcs\u00fcnden de genetik materyal ald\u0131\u011f\u0131 i\u00e7in \u201cdomuz gribi&#8221; olarak adland\u0131r\u0131lm\u0131\u015ft\u0131r. 2009 y\u0131l\u0131nda ilk kez ortaya \u00e7\u0131kt\u0131\u011f\u0131 ve insanlar\u0131n bu vir\u00fcse kar\u015f\u0131 ba\u011f\u0131\u015f\u0131kl\u0131\u011f\u0131 olmad\u0131\u011f\u0131ndan \u00e7ok say\u0131da ki\u015fiyi etkilemi\u015f ve pandemiye (k\u0131talararas\u0131 salg\u0131na) yol a\u00e7m\u0131\u015ft\u0131r.<\/p>\n<p>2009 y\u0131l\u0131ndan g\u00fcn\u00fcm\u00fcze kadar ge\u00e7en s\u00fcrede d\u00fcnya genelinde pek \u00e7ok insan bu vir\u00fcsle kar\u015f\u0131la\u015f\u0131p ba\u011f\u0131\u015f\u0131kl\u0131k geli\u015ftirdi\u011finden 2009 y\u0131l\u0131ndaki salg\u0131n riski art\u0131k s\u00f6z konusu de\u011fildir. Pandemik grip, 2011 y\u0131l\u0131ndan itibaren D\u00fcnya Sa\u011fl\u0131k \u00d6rg\u00fct\u00fc taraf\u0131ndan mevsimsel grip olarak de\u011ferlendirilmektedir.<\/p>\n<p>H1N1 grip vir\u00fcs\u00fc, d\u00fcnya genelinde oldu\u011fu gibi \u00fclkemizde de g\u00f6r\u00fclmeye devam etmektedir. \u00dclkemizde son birka\u00e7 ayd\u0131r H1N1, H3N2 ve \u0130nfluenza B tipinde mevsimsel grip vir\u00fcsleri g\u00f6r\u00fclmektedir. Ancak yukar\u0131da da a\u00e7\u0131kland\u0131\u011f\u0131 \u00fczere bu grip vir\u00fcsleri hem d\u00fcnya hem de \u00fclkemiz i\u00e7in art\u0131k tehlike olu\u015fturmamakta, g\u00f6r\u00fclen vakalar da bu kapsamda de\u011ferlendirilmektedir&#8221;<\/p>\n<!-- Error, Advert is not available at this time due to schedule\/geolocation restrictions! -->\n","protected":false},"excerpt":{"rendered":"<p>Domuz gribi vakalar\u0131n\u0131n tekrar g\u00f6r\u00fclmeye ba\u015fland\u0131\u011f\u0131 iddialar\u0131 \u00fczerine Sa\u011fl\u0131k Bakanl\u0131\u011f\u0131 yaz\u0131l\u0131 a\u00e7\u0131klama yapt\u0131.<\/p>\n","protected":false},"author":4,"featured_media":295198,"comment_status":"open","ping_status":"open","sticky":false,"template":"","format":"standard","meta":{"_acf_changed":false,"footnotes":""},"categories":[6155,6669,349],"tags":[961,1253,1687],"class_list":["post-128838","post","type-post","status-publish","format-standard","has-post-thumbnail","hentry","category-gundem","category-saglik","category-son-dakika","tag-domuz-gribi","tag-dunya-saglik-orgutu","tag-saglik-bakanligi"],"acf":[],"_links":{"self":[{"href":"https:\/\/www.nationalturk.com\/tr\/wp-json\/wp\/v2\/posts\/128838","targetHints":{"allow":["GET"]}}],"collection":[{"href":"https:\/\/www.nationalturk.com\/tr\/wp-json\/wp\/v2\/posts"}],"about":[{"href":"https:\/\/www.nationalturk.com\/tr\/wp-json\/wp\/v2\/types\/post"}],"author":[{"embeddable":true,"href":"https:\/\/www.nationalturk.com\/tr\/wp-json\/wp\/v2\/users\/4"}],"replies":[{"embeddable":true,"href":"https:\/\/www.nationalturk.com\/tr\/wp-json\/wp\/v2\/comments?post=128838"}],"version-history":[{"count":0,"href":"https:\/\/www.nationalturk.com\/tr\/wp-json\/wp\/v2\/posts\/128838\/revisions"}],"wp:featuredmedia":[{"embeddable":true,"href":"https:\/\/www.nationalturk.com\/tr\/wp-json\/wp\/v2\/media\/295198"}],"wp:attachment":[{"href":"https:\/\/www.nationalturk.com\/tr\/wp-json\/wp\/v2\/media?parent=128838"}],"wp:term":[{"taxonomy":"category","embeddable":true,"href":"https:\/\/www.nationalturk.com\/tr\/wp-json\/wp\/v2\/categories?post=128838"},{"taxonomy":"post_tag","embeddable":true,"href":"https:\/\/www.nationalturk.com\/tr\/wp-json\/wp\/v2\/tags?post=128838"}],"curies":[{"name":"wp","href":"https:\/\/api.w.org\/{rel}","templated":true}]}}