{"id":128966,"date":"2013-02-01T09:54:47","date_gmt":"2013-02-01T07:54:47","guid":{"rendered":"http:\/\/www.nationalturk.com\/?p=128966"},"modified":"2013-02-01T09:54:47","modified_gmt":"2013-02-01T07:54:47","slug":"sirnakta-6-terorist-teslim-oldu-128966","status":"publish","type":"post","link":"https:\/\/www.nationalturk.com\/tr\/sirnakta-6-terorist-teslim-oldu-128966\/","title":{"rendered":"\u015e\u0131rnak&#8217;ta 6 ter\u00f6rist teslim oldu"},"content":{"rendered":"<h1><img loading=\"lazy\" decoding=\"async\" class=\"alignleft size-medium wp-image-128974\" alt=\"\" src=\"http:\/\/www.nationalturk.com\/tr\/wp-content\/uploads\/2013\/02\/terorist_dagda-280x209.jpg\" width=\"280\" height=\"209\" title=\"\" srcset=\"https:\/\/www.nationalturk.com\/tr\/wp-content\/uploads\/2013\/02\/terorist_dagda-280x209.jpg 280w, https:\/\/www.nationalturk.com\/tr\/wp-content\/uploads\/2013\/02\/terorist_dagda.jpg 334w\" sizes=\"auto, (max-width: 280px) 100vw, 280px\" \/>Ter\u00f6r \u00f6rg\u00fct\u00fc PKK&#8217;dan ka\u00e7an 6 ter\u00f6rist \u015e\u0131rnak&#8217;\u0131n Silopi il\u00e7esinde g\u00fcvenlik g\u00fc\u00e7lerine teslim oldu.<\/h1>\n<p>Al\u0131nan bilgilere g\u00f6re, ter\u00f6r \u00f6rg\u00fct\u00fc PKK&#8217;n\u0131n Irak&#8217;ta bulunan kamplar\u0131ndan ka\u00e7an 6 ter\u00f6rist, Silopi il\u00e7esi yak\u0131nlar\u0131nda bulunan Habur S\u0131n\u0131r Kap\u0131s\u0131&#8217;nda g\u00fcvenlik g\u00fc\u00e7lerine teslim oldu. Teslim olan ter\u00f6ristlerin ifadeleri al\u0131nd\u0131ktan sonra Savc\u0131l\u0131\u011fa \u00e7\u0131kar\u0131laca\u011f\u0131 \u00f6\u011frenildi.<\/p>\n<!-- Error, Advert is not available at this time due to schedule\/geolocation restrictions! -->\n","protected":false},"excerpt":{"rendered":"<p>Ter\u00f6r \u00f6rg\u00fct\u00fc PKK&#8217;dan ka\u00e7an 6 ter\u00f6rist \u015e\u0131rnak&#8217;\u0131n Silopi il\u00e7esinde g\u00fcvenlik g\u00fc\u00e7lerine teslim oldu.<\/p>\n","protected":false},"author":4,"featured_media":180492,"comment_status":"open","ping_status":"open","sticky":false,"template":"","format":"standard","meta":{"_acf_changed":false,"footnotes":""},"categories":[349,6805],"tags":[17594,11018,11501,11502],"class_list":["post-128966","post","type-post","status-publish","format-standard","has-post-thumbnail","hentry","category-son-dakika","category-turkiye","tag-6-terorist-teslim-oldu","tag-habur","tag-silopi","tag-sirnak"],"acf":[],"_links":{"self":[{"href":"https:\/\/www.nationalturk.com\/tr\/wp-json\/wp\/v2\/posts\/128966","targetHints":{"allow":["GET"]}}],"collection":[{"href":"https:\/\/www.nationalturk.com\/tr\/wp-json\/wp\/v2\/posts"}],"about":[{"href":"https:\/\/www.nationalturk.com\/tr\/wp-json\/wp\/v2\/types\/post"}],"author":[{"embeddable":true,"href":"https:\/\/www.nationalturk.com\/tr\/wp-json\/wp\/v2\/users\/4"}],"replies":[{"embeddable":true,"href":"https:\/\/www.nationalturk.com\/tr\/wp-json\/wp\/v2\/comments?post=128966"}],"version-history":[{"count":0,"href":"https:\/\/www.nationalturk.com\/tr\/wp-json\/wp\/v2\/posts\/128966\/revisions"}],"wp:featuredmedia":[{"embeddable":true,"href":"https:\/\/www.nationalturk.com\/tr\/wp-json\/wp\/v2\/media\/180492"}],"wp:attachment":[{"href":"https:\/\/www.nationalturk.com\/tr\/wp-json\/wp\/v2\/media?parent=128966"}],"wp:term":[{"taxonomy":"category","embeddable":true,"href":"https:\/\/www.nationalturk.com\/tr\/wp-json\/wp\/v2\/categories?post=128966"},{"taxonomy":"post_tag","embeddable":true,"href":"https:\/\/www.nationalturk.com\/tr\/wp-json\/wp\/v2\/tags?post=128966"}],"curies":[{"name":"wp","href":"https:\/\/api.w.org\/{rel}","templated":true}]}}