{"id":129158,"date":"2013-02-04T14:34:05","date_gmt":"2013-02-04T12:34:05","guid":{"rendered":"http:\/\/www.nationalturk.com\/?p=129158"},"modified":"2013-02-04T14:49:49","modified_gmt":"2013-02-04T12:49:49","slug":"son-dakika-hanefi-avciya-49-yil-hapis-istendi-129158","status":"publish","type":"post","link":"https:\/\/www.nationalturk.com\/tr\/son-dakika-hanefi-avciya-49-yil-hapis-istendi-129158\/","title":{"rendered":"Son Dakika! Hanefi Avc\u0131&#8217;ya 49 y\u0131l hapis istendi"},"content":{"rendered":"<h1><img loading=\"lazy\" decoding=\"async\" class=\"alignleft size-medium wp-image-129159\" alt=\"\" src=\"http:\/\/www.nationalturk.com\/tr\/wp-content\/uploads\/2013\/02\/son-dakika-dikey2-206x220.jpg\" width=\"206\" height=\"220\" title=\"\" srcset=\"https:\/\/www.nationalturk.com\/tr\/wp-content\/uploads\/2013\/02\/son-dakika-dikey2-206x220.jpg 206w, https:\/\/www.nationalturk.com\/tr\/wp-content\/uploads\/2013\/02\/son-dakika-dikey2.jpg 300w\" sizes=\"auto, (max-width: 206px) 100vw, 206px\" \/>Devrimci Karargah \u00d6rg\u00fct\u00fc davas\u0131nda savc\u0131 m\u00fctalaas\u0131n\u0131 a\u00e7\u0131klad\u0131. Eski emniyet m\u00fcd\u00fcr\u00fc Hanefi Avc\u0131 i\u00e7in 49 y\u0131l 6 ay hapis cezas\u0131 istendi.<\/h1>\n<p>&#8216;Devrimci Karargah \u00d6rg\u00fct\u00fc&#8221; davas\u0131nda m\u00fctalaas\u0131n\u0131 a\u00e7\u0131klayan cumhuriyet savc\u0131s\u0131, san\u0131klardan eski Emniyet M\u00fcd\u00fcr\u00fc Hanefi Avc\u0131&#8217;n\u0131n 22 y\u0131l 9 aydan 49 y\u0131l 6 aya kadar hapisle cezaland\u0131r\u0131lmas\u0131n\u0131 istedi.<\/p>\n<p>\u0130stanbul 9. A\u011f\u0131r Ceza Mahkemesi&#8217;ndeki duru\u015fmaya, Hanefi Avc\u0131&#8217;n\u0131n da aralar\u0131nda bulundu\u011fu 8 tutuklu san\u0131k ile baz\u0131 tutuksuz san\u0131klar kat\u0131ld\u0131.<\/p>\n<p>Duru\u015fmada esas hakk\u0131ndaki m\u00fctalaas\u0131n\u0131 a\u00e7\u0131klayan Cumhuriyet Savc\u0131s\u0131 Sadrettin Sar\u0131kaya, san\u0131klardan Hanefi Avc\u0131&#8217;n\u0131n, &#8221;silahl\u0131 ter\u00f6r \u00f6rg\u00fct\u00fcne \u00fcye olmamakla birlikte bilerek ve isteyerek \u00f6rg\u00fcte yard\u0131m etmek, yarg\u0131 g\u00f6revini yapan\u0131 etkilemek, soru\u015fturma gizlili\u011fini ihlal etmek, ki\u015fisel verileri hukuka ayk\u0131r\u0131 olarak ele ge\u00e7irmek, ter\u00f6rle m\u00fccadelede g\u00f6rev alm\u0131\u015f ki\u015fileri hedef g\u00f6stermek ve ruhsats\u0131z silah bulundurmak&#8221; su\u00e7lar\u0131ndan toplam 22 y\u0131l 9 aydan 49 y\u0131l 6 aya kadar hapisle cezaland\u0131r\u0131lmas\u0131n\u0131 talep etti.<\/p>\n<!-- Error, Advert is not available at this time due to schedule\/geolocation restrictions! -->\n","protected":false},"excerpt":{"rendered":"<p>Devrimci Karargah \u00d6rg\u00fct\u00fc davas\u0131nda savc\u0131 m\u00fctalaas\u0131n\u0131 a\u00e7\u0131klad\u0131. Eski emniyet m\u00fcd\u00fcr\u00fc Hanefi Avc\u0131 i\u00e7in 49 y\u0131l 6 ay hapis cezas\u0131 istendi.<\/p>\n","protected":false},"author":4,"featured_media":180462,"comment_status":"open","ping_status":"open","sticky":false,"template":"","format":"standard","meta":{"_acf_changed":false,"footnotes":""},"categories":[6155,5005,6202,349,6805],"tags":[16681,5050,41904,122426,47619,92796,27382,122425],"class_list":["post-129158","post","type-post","status-publish","format-standard","has-post-thumbnail","hentry","category-gundem","category-manset","category-politika","category-son-dakika","category-turkiye","tag-devrimci-karargah-davasi","tag-devrimci-karargah-orgutu","tag-hanefi-avci","tag-hanefi-avci-hapis","tag-hanefi-avci-son-dakika","tag-sadrettin-sarikaya","tag-son-dakika","tag-son-dakika-hanefi-avci"],"acf":[],"_links":{"self":[{"href":"https:\/\/www.nationalturk.com\/tr\/wp-json\/wp\/v2\/posts\/129158","targetHints":{"allow":["GET"]}}],"collection":[{"href":"https:\/\/www.nationalturk.com\/tr\/wp-json\/wp\/v2\/posts"}],"about":[{"href":"https:\/\/www.nationalturk.com\/tr\/wp-json\/wp\/v2\/types\/post"}],"author":[{"embeddable":true,"href":"https:\/\/www.nationalturk.com\/tr\/wp-json\/wp\/v2\/users\/4"}],"replies":[{"embeddable":true,"href":"https:\/\/www.nationalturk.com\/tr\/wp-json\/wp\/v2\/comments?post=129158"}],"version-history":[{"count":0,"href":"https:\/\/www.nationalturk.com\/tr\/wp-json\/wp\/v2\/posts\/129158\/revisions"}],"wp:featuredmedia":[{"embeddable":true,"href":"https:\/\/www.nationalturk.com\/tr\/wp-json\/wp\/v2\/media\/180462"}],"wp:attachment":[{"href":"https:\/\/www.nationalturk.com\/tr\/wp-json\/wp\/v2\/media?parent=129158"}],"wp:term":[{"taxonomy":"category","embeddable":true,"href":"https:\/\/www.nationalturk.com\/tr\/wp-json\/wp\/v2\/categories?post=129158"},{"taxonomy":"post_tag","embeddable":true,"href":"https:\/\/www.nationalturk.com\/tr\/wp-json\/wp\/v2\/tags?post=129158"}],"curies":[{"name":"wp","href":"https:\/\/api.w.org\/{rel}","templated":true}]}}