{"id":129164,"date":"2013-02-04T15:04:34","date_gmt":"2013-02-04T13:04:34","guid":{"rendered":"http:\/\/www.nationalturk.com\/?p=129164"},"modified":"2013-02-04T15:04:34","modified_gmt":"2013-02-04T13:04:34","slug":"niang-resmi-sozlesmeyi-imzaladi-besiktas-haberleri-129164","status":"publish","type":"post","link":"https:\/\/www.nationalturk.com\/tr\/niang-resmi-sozlesmeyi-imzaladi-besiktas-haberleri-129164\/","title":{"rendered":"Niang resmi s\u00f6zle\u015fmeyi imzalad\u0131 \/ Be\u015fikta\u015f Haberleri"},"content":{"rendered":"<h1><img loading=\"lazy\" decoding=\"async\" class=\"alignnone size-large wp-image-129169\" alt=\"Mamadou Niang\" src=\"http:\/\/www.nationalturk.com\/tr\/wp-content\/uploads\/2013\/02\/niang_imza-610x254.jpg\" width=\"610\" height=\"254\" title=\"\" srcset=\"https:\/\/www.nationalturk.com\/tr\/wp-content\/uploads\/2013\/02\/niang_imza-610x254.jpg 610w, https:\/\/www.nationalturk.com\/tr\/wp-content\/uploads\/2013\/02\/niang_imza-280x116.jpg 280w, https:\/\/www.nationalturk.com\/tr\/wp-content\/uploads\/2013\/02\/niang_imza.jpg 720w\" sizes=\"auto, (max-width: 610px) 100vw, 610px\" \/><\/h1>\n<h1>Be\u015fikta\u015f ara transfer d\u00f6neminde kadrosuna dahil etti\u011fi Mamadou Hamidou Niang ile resmi s\u00f6zle\u015fme imzalad\u0131. \/ Be\u015fikta\u015f Haberleri&#8230;<\/h1>\n<p>BJK \u00dcmraniye Nevzat Demir Tesisleri\u2019nde d\u00fczenlenen imza t\u00f6renine futbolcunun yan\u0131s\u0131ra Kul\u00fcp \u0130kinci Ba\u015fkan\u0131 Ahmet Nur \u00c7ebi de kat\u0131ld\u0131.<\/p>\n<p>\u0130kinci Ba\u015fkan \u00c7ebi, ara transfer d\u00f6neminde kadrolar\u0131n\u0131 golc\u00fc Niang ile g\u00fc\u00e7lendirdiklerini belirterek, \u201cT\u00fcrk futbolunun ve T\u00fcrk futbol seyircisinin yak\u0131ndan tan\u0131d\u0131\u011f\u0131 Niang\u2019\u0131 sezon sonuna kadar renklerimize katt\u0131k. Sezon sonuna kadar Niang Be\u015fikta\u015f\u2019\u0131n ba\u015far\u0131s\u0131 i\u00e7in \u00e7al\u0131\u015facakt\u0131r. Kendisinin katk\u0131 sa\u011flayaca\u011f\u0131n\u0131 d\u00fc\u015f\u00fcn\u00fcyoruz. Kendisinden \u00e7ok umutluyuz.\u201d diye konu\u015ftu.<\/p>\n<p>\u00c7ebi, Niang\u2019\u0131n s\u00f6zle\u015fmesinde uzatma opsiyon bulunmad\u0131\u011f\u0131n\u0131, ancak sezon sonunda g\u00f6sterilecek performansa g\u00f6re yeni kontrat yapabileceklerini s\u00f6zlerine ekledi.<\/p>\n<p>N\u0130ANG: TAKIMIN \u015eAMP\u0130YON OLMASINA YARDIMCI OLACA\u011eIM<\/p>\n<p>Siyah \u2013 beyazl\u0131 tak\u0131m\u0131n yeni tranfseri Niang da yapt\u0131\u011f\u0131 a\u00e7\u0131klamada, \u201cBurada olmaktan dolay\u0131 \u00e7ok mutluyum. Yeni tak\u0131m\u0131mla s\u00f6zle\u015fme imzalamaktan dolay\u0131 mutluyum. Ba\u015fkan ve y\u00f6neticilere bana tekrar T\u00fcrkiye\u2019ye d\u00f6nme \u015fans\u0131 verdikleri i\u00e7in te\u015fekk\u00fcr ediyorum. Bu sene tak\u0131m\u0131m\u0131n \u015fampiyonlu\u011fu kazand\u0131rmak i\u00e7in yard\u0131mc\u0131 olmaya \u00e7al\u0131\u015faca\u011f\u0131m.\u201d dedi.<\/p>\n<p>Golc\u00fc oyuncu, hafta sonu Sanica Boru Elaz\u0131\u011fspor ma\u00e7\u0131nda oynay\u0131p oynamayaca\u011f\u0131na teknik direkt\u00f6r Samet Aybaba\u2019n\u0131n karar verece\u011fini kendisinin de s\u0131k\u0131 \u00e7al\u0131\u015ft\u0131\u011f\u0131n\u0131 kaydetti.<\/p>\n<p>Senegalli futbolcu, \u201cBe\u015fikta\u015f y\u00f6netimi bana g\u00fcvenerek tekrar T\u00fcrkiye\u2019ye getirdi. Ben de sahada sava\u015faca\u011f\u0131m. Ma\u00e7lar\u0131m\u0131z\u0131 kazanmak i\u00e7in sonuna kadar \u00e7al\u0131\u015faca\u011f\u0131m. Sahada iyi oynar\u0131m veya k\u00f6t\u00fc oynar\u0131m ancak kalbimi koyarak sahada m\u00fccadele edece\u011fim.\u201d diye konu\u015ftu.<\/p>\n<p>Niang, Fenerbah\u00e7e\u2019den herhangi bir teklif almad\u0131\u011f\u0131n\u0131 s\u00f6zlerine ekledi. Niang 53 numaral\u0131 forma ile bas\u0131n mensuplar\u0131na poz verdi.<\/p>\n<!-- Error, Advert is not available at this time due to schedule\/geolocation restrictions! -->\n","protected":false},"excerpt":{"rendered":"<p>Be\u015fikta\u015f ara transfer d\u00f6neminde kadrosuna dahil etti\u011fi Mamadou Hamidou Niang ile resmi s\u00f6zle\u015fme imzalad\u0131. \/ Be\u015fikta\u015f Haberleri&#8230;<\/p>\n","protected":false},"author":4,"featured_media":180461,"comment_status":"open","ping_status":"open","sticky":false,"template":"","format":"standard","meta":{"_acf_changed":false,"footnotes":""},"categories":[6774,6194],"tags":[96186,1748,8263,37820,38608],"class_list":["post-129164","post","type-post","status-publish","format-standard","has-post-thumbnail","hentry","category-futbol","category-spor","tag-ahmet-nur-cebi","tag-besiktas","tag-besiktas-transfer","tag-mamadou-niang","tag-niang"],"acf":[],"_links":{"self":[{"href":"https:\/\/www.nationalturk.com\/tr\/wp-json\/wp\/v2\/posts\/129164","targetHints":{"allow":["GET"]}}],"collection":[{"href":"https:\/\/www.nationalturk.com\/tr\/wp-json\/wp\/v2\/posts"}],"about":[{"href":"https:\/\/www.nationalturk.com\/tr\/wp-json\/wp\/v2\/types\/post"}],"author":[{"embeddable":true,"href":"https:\/\/www.nationalturk.com\/tr\/wp-json\/wp\/v2\/users\/4"}],"replies":[{"embeddable":true,"href":"https:\/\/www.nationalturk.com\/tr\/wp-json\/wp\/v2\/comments?post=129164"}],"version-history":[{"count":0,"href":"https:\/\/www.nationalturk.com\/tr\/wp-json\/wp\/v2\/posts\/129164\/revisions"}],"wp:featuredmedia":[{"embeddable":true,"href":"https:\/\/www.nationalturk.com\/tr\/wp-json\/wp\/v2\/media\/180461"}],"wp:attachment":[{"href":"https:\/\/www.nationalturk.com\/tr\/wp-json\/wp\/v2\/media?parent=129164"}],"wp:term":[{"taxonomy":"category","embeddable":true,"href":"https:\/\/www.nationalturk.com\/tr\/wp-json\/wp\/v2\/categories?post=129164"},{"taxonomy":"post_tag","embeddable":true,"href":"https:\/\/www.nationalturk.com\/tr\/wp-json\/wp\/v2\/tags?post=129164"}],"curies":[{"name":"wp","href":"https:\/\/api.w.org\/{rel}","templated":true}]}}