{"id":12925,"date":"2010-01-10T17:42:03","date_gmt":"2010-01-10T15:42:03","guid":{"rendered":"http:\/\/www.nationalturk.com\/?p=12925"},"modified":"2010-01-10T17:48:45","modified_gmt":"2010-01-10T15:48:45","slug":"avrupada-kara-kis-ulasima-engel-oluyor","status":"publish","type":"post","link":"https:\/\/www.nationalturk.com\/tr\/avrupada-kara-kis-ulasima-engel-oluyor\/","title":{"rendered":"Avrupa&#8217;da kara k\u0131\u015f ula\u015f\u0131ma engel oluyor"},"content":{"rendered":"<p><strong><a href=\"http:\/\/www.nationalturk.com\/tr\/wp-content\/uploads\/2010\/01\/airport_snow.jpg\"><\/a><a href=\"http:\/\/www.nationalturk.com\/tr\/wp-content\/uploads\/2010\/01\/airport_snow-1.jpg\"><img loading=\"lazy\" decoding=\"async\" class=\"alignleft size-medium wp-image-12930\" title=\"airport_snow-1\" src=\"http:\/\/www.nationalturk.com\/tr\/wp-content\/uploads\/2010\/01\/airport_snow-1-280x211.jpg\" alt=\"airport_snow-1\" width=\"280\" height=\"211\" srcset=\"https:\/\/www.nationalturk.com\/tr\/wp-content\/uploads\/2010\/01\/airport_snow-1-280x211.jpg 280w, https:\/\/www.nationalturk.com\/tr\/wp-content\/uploads\/2010\/01\/airport_snow-1.jpg 472w\" sizes=\"auto, (max-width: 280px) 100vw, 280px\" \/><\/a>Avrupa&#8217;da kara k\u0131\u015f ula\u015f\u0131ma engel oluyor<\/strong><\/p>\n<p>K\u00f6t\u00fc hava \u015fartlar\u0131 Avrupa&#8217;da hayat\u0131 olumsuz etkiliyor. Almanya&#8217;da y\u00fczlerce u\u00e7u\u015f iptal edilirken, \u0130ngiltere&#8217;de baz\u0131 futbol kar\u015f\u0131la\u015fmalar\u0131 ertelendi.\u00a0<\/p>\n<p>Uluslararas\u0131 yay\u0131n organ\u0131 Turizm Tatil Seyahat Gazetesi&#8217;nin haberine g\u00f6re\u00a0Almanya&#8217;da d\u00fcn gece ba\u015flayan a\u015f\u0131r\u0131 kar ya\u011f\u0131\u015f\u0131 \u00f6zellikle \u00fclkenin g\u00fcneyinde \u00e7ok say\u0131da trafik kazas\u0131n\u0131n meydana gelmesine yola\u00e7t\u0131. Baden W\u00fcrttemberg Eyaleti&#8217;nde baz\u0131 otobanlarda trafik kilitlendi. \u00d6zellikle Fransa&#8217;ya giden otobanlarda 500 a\u011f\u0131r ara\u00e7 saatlerce beklemek zorunda kald\u0131.\u00a0\u00a0<\/p>\n<p><strong>Frankfurt Havaalan\u0131&#8217;nda baz\u0131 u\u00e7u\u015flar iptal edildi<\/strong><\/p>\n<p>Almanya&#8217;n\u0131n en b\u00fcy\u00fck havaalan\u0131 Frankfurt&#8217;ta 1300 u\u00e7u\u015fun 150&#8217;si iptal edildi.\u00a0Di\u011fer u\u00e7u\u015flar ise gecikmeli olarak yap\u0131labiliyor. D\u00fcn N\u00fcrnberg Havaalan\u0131&#8217;nda bir u\u00e7a\u011f\u0131n pistten \u00e7\u0131kmas\u0131 endi\u015felere yola\u00e7t\u0131. Ancak kazada yaralanan olmad\u0131.<\/p>\n<p>Meteorologlar a\u015f\u0131r\u0131 kar ya\u011f\u0131\u015f\u0131n\u0131n yar\u0131n da s\u00fcrece\u011fine dikkat \u00e7ekiyor. Kuzey Almanya&#8217;da son 12 saat i\u00e7inde kar y\u00fcksekli\u011fi 15 cm&#8217;ye ula\u015ft\u0131. R\u00fczgar\u0131n saatteki h\u0131z\u0131n\u0131n 75 km&#8217;ye ula\u015fmas\u0131yla baz\u0131 kentlerde kar ya\u011f\u0131\u015f\u0131 tipiye d\u00f6n\u00fc\u015ft\u00fc.<\/p>\n<p><strong>Trafik kazalar\u0131nda \u00e7ok say\u0131da art\u0131\u015f oldu<\/strong>\u00a0<\/p>\n<p>K\u00f6t\u00fc hava \u015fartlar\u0131 \u00e7ok say\u0131da kazaya da sebep oldu. Sadece Kuzey Ren Vestfalya Eyaleti&#8217;nde bug\u00fcn \u00f6\u011fle saatlerine kadar 108 kaza meydana geldi. Yetkililer be\u015f ki\u015finin hayat\u0131n\u0131 kaybetti\u011fi kazalarda 330 bin euro maddi hasar meydana geldi\u011fini a\u00e7\u0131klad\u0131. Stuttgart ve \u00e7evresinde ise 170 kaza meydana geldi. Almanya genelinde g\u00fcnd\u00fczleri eksi 5 dereceye kadar d\u00fc\u015fen s\u0131cakl\u0131klarda \u00f6n\u00fcm\u00fczdeki g\u00fcnlerde y\u00fckseli\u015f beklenmiyor.\u00a0<\/p>\n<p><strong>Di\u011fer Avrupa \u00fclkelerinde durum<\/strong>\u00a0<\/p>\n<p>Bu arada kar ya\u011f\u0131\u015f\u0131 ba\u015fta \u0130ngiltere ve Fransa olmak \u00fczere Avrupa&#8217;n\u0131n di\u011fer kentlerinde de devam ediyor. \u0130ngiltere&#8217;de birinci futbol liginde bu sabah oynanmas\u0131 planlanan Wigan Athletic-Aston Villa kar\u015f\u0131la\u015fmas\u0131 ertelendi. edildi. B\u00f6ylece haftasonunda iptal edilen kar\u015f\u0131la\u015fmalar\u0131n say\u0131s\u0131 alt\u0131ya \u00e7\u0131km\u0131\u015f oldu. Fransa&#8217;da ise g\u00fcneydeki Arles ve Avignon&#8217;da bile kar y\u00fcksekli\u011fi \u015fimdiden 30 cm&#8217;ye ula\u015ft\u0131. G\u00fcney Fransa&#8217;da 15 bin haneye elektrik verilemiyor.<\/p>\n<p>\u00c7ek Cumhuriyeti&#8217;nde a\u015f\u0131r\u0131 kar ya\u011f\u0131\u015f\u0131 y\u00fcz\u00fcnden bir\u00e7ok kentte yollar kapand\u0131. Yetkililer kar y\u00fcksekli\u011finin \u015fimdilik 30 cm oldu\u011funu duyurdu. \u00dclkede demiryollar\u0131 ve havayollar\u0131 trafi\u011finde gecikmeler ya\u015fan\u0131yor.<\/p>\n<p>Kaynak; <a title=\"Turizm Gazetesi\" href=\"http:\/\/www.turizmtatilseyahat.com\/\" target=\"_blank\" rel=\"noopener\">Turizm Gazetesi<\/a><\/p>\n","protected":false},"excerpt":{"rendered":"<p>Uluslararas\u0131 yay\u0131n organ\u0131 Turizm Tatil Seyahat Gazetesi&#8217;nin haberine g\u00f6re Avrupa&#8217;da a\u015f\u0131r\u0131 kar ya\u011f\u0131\u015f\u0131 \u00f6zellikle ula\u015f\u0131m\u0131 etkiliyor.<\/p>\n","protected":false},"author":6,"featured_media":193134,"comment_status":"open","ping_status":"open","sticky":false,"template":"","format":"standard","meta":{"_acf_changed":false,"footnotes":""},"categories":[6770,6155,5005,6671,339,6662],"tags":[13567],"class_list":["post-12925","post","type-post","status-publish","format-standard","has-post-thumbnail","hentry","category-avrupa","category-gundem","category-manset","category-seyahat","category-turizm","category-yasam","tag-turizm-tatil-seyahat-gazetesi"],"acf":[],"_links":{"self":[{"href":"https:\/\/www.nationalturk.com\/tr\/wp-json\/wp\/v2\/posts\/12925","targetHints":{"allow":["GET"]}}],"collection":[{"href":"https:\/\/www.nationalturk.com\/tr\/wp-json\/wp\/v2\/posts"}],"about":[{"href":"https:\/\/www.nationalturk.com\/tr\/wp-json\/wp\/v2\/types\/post"}],"author":[{"embeddable":true,"href":"https:\/\/www.nationalturk.com\/tr\/wp-json\/wp\/v2\/users\/6"}],"replies":[{"embeddable":true,"href":"https:\/\/www.nationalturk.com\/tr\/wp-json\/wp\/v2\/comments?post=12925"}],"version-history":[{"count":0,"href":"https:\/\/www.nationalturk.com\/tr\/wp-json\/wp\/v2\/posts\/12925\/revisions"}],"wp:featuredmedia":[{"embeddable":true,"href":"https:\/\/www.nationalturk.com\/tr\/wp-json\/wp\/v2\/media\/193134"}],"wp:attachment":[{"href":"https:\/\/www.nationalturk.com\/tr\/wp-json\/wp\/v2\/media?parent=12925"}],"wp:term":[{"taxonomy":"category","embeddable":true,"href":"https:\/\/www.nationalturk.com\/tr\/wp-json\/wp\/v2\/categories?post=12925"},{"taxonomy":"post_tag","embeddable":true,"href":"https:\/\/www.nationalturk.com\/tr\/wp-json\/wp\/v2\/tags?post=12925"}],"curies":[{"name":"wp","href":"https:\/\/api.w.org\/{rel}","templated":true}]}}