{"id":129303,"date":"2013-02-06T10:06:33","date_gmt":"2013-02-06T08:06:33","guid":{"rendered":"http:\/\/www.nationalturk.com\/?p=129303"},"modified":"2013-02-06T10:06:33","modified_gmt":"2013-02-06T08:06:33","slug":"solomon-adalarinda-8-0-buyuklugunde-deprem-tsunami-5-can-aldi-129303","status":"publish","type":"post","link":"https:\/\/www.nationalturk.com\/tr\/solomon-adalarinda-8-0-buyuklugunde-deprem-tsunami-5-can-aldi-129303\/","title":{"rendered":"Solomon Adalar\u0131&#8217;nda 8.0 b\u00fcy\u00fckl\u00fc\u011f\u00fcnde deprem! Tsunami 5 can ald\u0131"},"content":{"rendered":"<h1><img loading=\"lazy\" decoding=\"async\" class=\"alignnone size-large wp-image-129304\" alt=\"Pasifik&#039;te deprem\" src=\"http:\/\/www.nationalturk.com\/tr\/wp-content\/uploads\/2013\/02\/pasifik_deprem-e1360137877853.jpg\" width=\"610\" height=\"353\" title=\"\"><\/h1>\n<h1>Pasifik Okyanusu&#8217;nun g\u00fcneyindeki Solomon Adalar\u0131 a\u00e7\u0131klar\u0131nda 8.0 b\u00fcy\u00fckl\u00fc\u011f\u00fcnde deprem meydana geldi. Depremin ard\u0131ndan olu\u015fan tsunami yerle\u015fim birimlerinde hasara yol a\u00e7t\u0131. \u0130lk belirlemelere g\u00f6re 5 ki\u015fi \u00f6ld\u00fc, 2 ki\u015fi ise kay\u0131p.<\/h1>\n<p>Amerikan Jeolojik Ara\u015ft\u0131rmalar Merkezi, depremin merkez \u00fcss\u00fcn\u00fcn Makira Ulawa vilayetinin ba\u015fkenti Kirakira&#8217;n\u0131n 340 kilometre do\u011fusunda oldu\u011funu ve depremin yerin 5 kilometre derinli\u011finde ger\u00e7ekle\u015fti\u011fini bildirdi. Bu depremin ard\u0131ndan 6.4 ve 6.8 b\u00fcy\u00fckl\u00fc\u011f\u00fcnde art\u00e7\u0131 \u015foklar da ya\u015fand\u0131. Hawaii&#8217;deki Pasifik Tsunami Uyar\u0131 Merkezi, Solomon Adalar\u0131, Vanuatu, Nauru, Papua Yeni Gine, Tuvalu, New Caledonia, Kosrae, Fiji ve Kiribati i\u00e7in tsunami uyar\u0131s\u0131nda bulunmu\u015ftu. Tsunami uyar\u0131s\u0131 daha sonra kald\u0131r\u0131ld\u0131.<\/p>\n<p>Solomon Adalar\u0131 k\u0131y\u0131lar\u0131n\u0131 vuran 1,5 metrelik dalgalar, \u00f6zellikle 30 bin n\u00fcfuslu Santa Cruz Adas\u0131&#8217;n\u0131n bat\u0131 sahillerinde etkili oldu<\/p>\n<p>Ba\u015fbakanl\u0131k bas\u0131n b\u00fcrosundan Robert Iroga, dalgalar\u0131n 500 metre kadar i\u00e7eriye do\u011fru ilerledi\u011fini ve 3 k\u00f6y\u00fcn hasar g\u00f6rd\u00fc\u011f\u00fcn\u00fc belirtti. B\u00f6lgede yay\u0131n yapan bir radyo kanal\u0131nda \u00e7al\u0131\u015fan Irene Scott, pek \u00e7ok ki\u015finin hastanelere ba\u015fvurdu\u011funu kaydetti. Depremin ard\u0131ndan insanlar\u0131n y\u00fcksek yerlere do\u011fru \u00e7\u0131kmas\u0131n\u0131n kurban say\u0131s\u0131n\u0131 da azaltt\u0131\u011f\u0131na dikkat \u00e7ekti.<\/p>\n<p>200&#8217;den fazla adadan olu\u015fan Solomon Adalar\u0131 devletinde 552 bin ki\u015fi ya\u015f\u0131yor. Adalar, d\u00fcnyadaki depremlerin y\u00fczde 90&#8217;\u0131n\u0131 olu\u015fturan Pasifik Ate\u015f \u00c7emberi adl\u0131 volkanik b\u00f6lgenin \u00fczerinde bulunuyor.<\/p>\n<!-- Error, Advert is not available at this time due to schedule\/geolocation restrictions! -->\n","protected":false},"excerpt":{"rendered":"<p>Pasifik Okyanusu&#8217;nun g\u00fcneyindeki Solomon Adalar\u0131 a\u00e7\u0131klar\u0131nda 8.0 b\u00fcy\u00fckl\u00fc\u011f\u00fcnde deprem meydana geldi. Depremin ard\u0131ndan olu\u015fan tsunami yerle\u015fim birimlerinde hasara yol a\u00e7t\u0131. \u0130lk belirlemelere g\u00f6re 5 ki\u015fi \u00f6ld\u00fc, 2 ki\u015fi ise kay\u0131p.<\/p>\n","protected":false},"author":4,"featured_media":180431,"comment_status":"open","ping_status":"open","sticky":false,"template":"","format":"standard","meta":{"_acf_changed":false,"footnotes":""},"categories":[6769,6665,6155,5005,349],"tags":[122597,122596,122599,39013,67969,16042,122598,122595,39015],"class_list":["post-129303","post","type-post","status-publish","format-standard","has-post-thumbnail","hentry","category-asya","category-dunya","category-gundem","category-manset","category-son-dakika","tag-6-subat-pasifik-deprem","tag-6-subat-tsunami","tag-8-siddetinde-deprem","tag-pasifik","tag-pasifik-deprem","tag-solomon-adalari","tag-solomon-adalari-depremi","tag-solomon-adalari-tsunami","tag-tsunami"],"acf":[],"_links":{"self":[{"href":"https:\/\/www.nationalturk.com\/tr\/wp-json\/wp\/v2\/posts\/129303","targetHints":{"allow":["GET"]}}],"collection":[{"href":"https:\/\/www.nationalturk.com\/tr\/wp-json\/wp\/v2\/posts"}],"about":[{"href":"https:\/\/www.nationalturk.com\/tr\/wp-json\/wp\/v2\/types\/post"}],"author":[{"embeddable":true,"href":"https:\/\/www.nationalturk.com\/tr\/wp-json\/wp\/v2\/users\/4"}],"replies":[{"embeddable":true,"href":"https:\/\/www.nationalturk.com\/tr\/wp-json\/wp\/v2\/comments?post=129303"}],"version-history":[{"count":0,"href":"https:\/\/www.nationalturk.com\/tr\/wp-json\/wp\/v2\/posts\/129303\/revisions"}],"wp:featuredmedia":[{"embeddable":true,"href":"https:\/\/www.nationalturk.com\/tr\/wp-json\/wp\/v2\/media\/180431"}],"wp:attachment":[{"href":"https:\/\/www.nationalturk.com\/tr\/wp-json\/wp\/v2\/media?parent=129303"}],"wp:term":[{"taxonomy":"category","embeddable":true,"href":"https:\/\/www.nationalturk.com\/tr\/wp-json\/wp\/v2\/categories?post=129303"},{"taxonomy":"post_tag","embeddable":true,"href":"https:\/\/www.nationalturk.com\/tr\/wp-json\/wp\/v2\/tags?post=129303"}],"curies":[{"name":"wp","href":"https:\/\/api.w.org\/{rel}","templated":true}]}}