{"id":129386,"date":"2013-02-06T18:13:40","date_gmt":"2013-02-06T16:13:40","guid":{"rendered":"http:\/\/www.nationalturk.com\/?p=129386"},"modified":"2013-02-06T18:13:40","modified_gmt":"2013-02-06T16:13:40","slug":"hikmet-karaman-bursasporda-son-dakika-129386","status":"publish","type":"post","link":"https:\/\/www.nationalturk.com\/tr\/hikmet-karaman-bursasporda-son-dakika-129386\/","title":{"rendered":"Hikmet Karaman Bursaspor&#8217;da \/ Son Dakika"},"content":{"rendered":"<h1><img loading=\"lazy\" decoding=\"async\" class=\"alignleft size-medium wp-image-129387\" alt=\"Hikmet Karaman\" src=\"http:\/\/www.nationalturk.com\/tr\/wp-content\/uploads\/2013\/02\/hikmet_karamann-280x141.jpg\" width=\"280\" height=\"141\" title=\"\" srcset=\"https:\/\/www.nationalturk.com\/tr\/wp-content\/uploads\/2013\/02\/hikmet_karamann-280x141.jpg 280w, https:\/\/www.nationalturk.com\/tr\/wp-content\/uploads\/2013\/02\/hikmet_karamann.jpg 468w\" sizes=\"auto, (max-width: 280px) 100vw, 280px\" \/>Bursaspor&#8217;da Ertu\u011frul Sa\u011flam&#8217;\u0131n istifas\u0131yla bo\u015falan teknik direkt\u00f6rl\u00fck g\u00f6revine Gaziantepspor&#8217;dan ayr\u0131lan Hikmet Karaman getirildi. \/ Son Dakika&#8230;<\/h1>\n<p>Bursaspor Kul\u00fcb\u00fc Ba\u015fkan\u0131 \u0130brahim Yaz\u0131c\u0131, d\u00fcn Gaziantepspor ile yollar\u0131 ayr\u0131lan teknik direkt\u00f6r Hikmet Karaman ile &#8221;y\u00fczde 90 oran\u0131nda anla\u015ft\u0131klar\u0131n\u0131&#8221; s\u00f6yledi.\u00a0Yaz\u0131c\u0131, AA muhabirine yapt\u0131\u011f\u0131 a\u00e7\u0131klamada, teknik direkt\u00f6r aray\u0131\u015flar\u0131 \u00e7er\u00e7evesinde yerli ve yabanc\u0131 bir\u00e7ok hoca ile g\u00f6r\u00fc\u015ft\u00fcklerini kaydetti.<\/p>\n<p>\u0130brahim Yaz\u0131c\u0131, Hikmet Karaman ile yapt\u0131klar\u0131 g\u00f6r\u00fc\u015fmenin olumlu ge\u00e7ti\u011fini dile getirerek, &#8221;Hikmet Karaman ile y\u00fczde 90 oran\u0131nda anla\u015ft\u0131k. San\u0131yorum k\u0131sa zamanda net olarak bir sonuca varaca\u011f\u0131z&#8221; ifadesini kulland\u0131.<\/p>\n<!-- Error, Advert is not available at this time due to schedule\/geolocation restrictions! -->\n","protected":false},"excerpt":{"rendered":"<p>Bursaspor&#8217;da Ertu\u011frul Sa\u011flam&#8217;\u0131n istifas\u0131yla bo\u015falan teknik direkt\u00f6rl\u00fck g\u00f6revine Gaziantepspor&#8217;dan ayr\u0131lan Hikmet Karaman getirildi. \/ Son Dakika&#8230;<\/p>\n","protected":false},"author":4,"featured_media":180417,"comment_status":"open","ping_status":"open","sticky":false,"template":"","format":"standard","meta":{"_acf_changed":false,"footnotes":""},"categories":[6774,5005,6194],"tags":[122678,8835,122679],"class_list":["post-129386","post","type-post","status-publish","format-standard","has-post-thumbnail","hentry","category-futbol","category-manset","category-spor","tag-bursaspor-son-dakika","tag-hikmet-karaman","tag-son-dakika-bursaspor"],"acf":[],"_links":{"self":[{"href":"https:\/\/www.nationalturk.com\/tr\/wp-json\/wp\/v2\/posts\/129386","targetHints":{"allow":["GET"]}}],"collection":[{"href":"https:\/\/www.nationalturk.com\/tr\/wp-json\/wp\/v2\/posts"}],"about":[{"href":"https:\/\/www.nationalturk.com\/tr\/wp-json\/wp\/v2\/types\/post"}],"author":[{"embeddable":true,"href":"https:\/\/www.nationalturk.com\/tr\/wp-json\/wp\/v2\/users\/4"}],"replies":[{"embeddable":true,"href":"https:\/\/www.nationalturk.com\/tr\/wp-json\/wp\/v2\/comments?post=129386"}],"version-history":[{"count":0,"href":"https:\/\/www.nationalturk.com\/tr\/wp-json\/wp\/v2\/posts\/129386\/revisions"}],"wp:featuredmedia":[{"embeddable":true,"href":"https:\/\/www.nationalturk.com\/tr\/wp-json\/wp\/v2\/media\/180417"}],"wp:attachment":[{"href":"https:\/\/www.nationalturk.com\/tr\/wp-json\/wp\/v2\/media?parent=129386"}],"wp:term":[{"taxonomy":"category","embeddable":true,"href":"https:\/\/www.nationalturk.com\/tr\/wp-json\/wp\/v2\/categories?post=129386"},{"taxonomy":"post_tag","embeddable":true,"href":"https:\/\/www.nationalturk.com\/tr\/wp-json\/wp\/v2\/tags?post=129386"}],"curies":[{"name":"wp","href":"https:\/\/api.w.org\/{rel}","templated":true}]}}