{"id":129393,"date":"2013-02-07T10:13:38","date_gmt":"2013-02-07T08:13:38","guid":{"rendered":"http:\/\/www.nationalturk.com\/?p=129393"},"modified":"2013-02-07T10:13:38","modified_gmt":"2013-02-07T08:13:38","slug":"emekli-binbasi-tarihi-eser-kacakciligindan-tutuklandi-129393","status":"publish","type":"post","link":"https:\/\/www.nationalturk.com\/tr\/emekli-binbasi-tarihi-eser-kacakciligindan-tutuklandi-129393\/","title":{"rendered":"Emekli binba\u015f\u0131 tarihi eser ka\u00e7ak\u00e7\u0131l\u0131\u011f\u0131ndan tutukland\u0131"},"content":{"rendered":"<h1><img loading=\"lazy\" decoding=\"async\" class=\"alignleft size-full wp-image-129395\" alt=\"\" src=\"http:\/\/www.nationalturk.com\/tr\/wp-content\/uploads\/2013\/02\/tarihi_eser_2303.jpg\" width=\"289\" height=\"185\" title=\"\" srcset=\"https:\/\/www.nationalturk.com\/tr\/wp-content\/uploads\/2013\/02\/tarihi_eser_2303.jpg 289w, https:\/\/www.nationalturk.com\/tr\/wp-content\/uploads\/2013\/02\/tarihi_eser_2303-280x179.jpg 280w\" sizes=\"auto, (max-width: 289px) 100vw, 289px\" \/>Bursa&#8217;da d\u00fczenlenen tarihi eser operasyonunda Roma d\u00f6nemine ait heykelleri satmak isteyen biri emekli binba\u015f\u0131 2 ki\u015fi tutukland\u0131.<\/h1>\n<p>Al\u0131nan bilgilere g\u00f6re Bursa&#8217;n\u0131n Osmangazi il\u00e7esinde 2 ki\u015finin ellerindeki tarihi eserleri satmak istediklerini belirleyen Emniyet M\u00fcd\u00fcrl\u00fc\u011f\u00fc Ka\u00e7ak\u00e7\u0131l\u0131k ve Organize Su\u00e7larla M\u00fccadele \u015eubesi Mali B\u00fcro Amirli\u011fi ekipleri, Alt\u0131nova Mahallesi\u2019nde bir oto y\u0131kama d\u00fckkan\u0131na bask\u0131n yapt\u0131.<\/p>\n<p>Yap\u0131lan aramalarda, biri 37&#215;45 santimetre ebad\u0131nda kafa b\u00f6l\u00fcm\u00fc olmayan 4 heykel, g\u00f6zya\u015f\u0131 sikkesi ile birlikte 10 par\u00e7a tarihi eser ele ge\u00e7irildi. Roma d\u00f6nemine ait oldu\u011fu tahmin edilen eserler, incelenmek \u00fczere M\u00fcze M\u00fcd\u00fcrl\u00fc\u011f\u00fc\u2019ne g\u00f6nderildi. Operasyonda g\u00f6zalt\u0131na al\u0131nan emekli Binba\u015f\u0131 Mehmet K. (56) ve Mehmet P. (54) \u00e7\u0131kar\u0131ld\u0131klar\u0131 n\u00f6bet\u00e7i mahkemece tutuklanarak cezaevine konuldu.<\/p>\n<p>Tarihi eserlerin emekli binba\u015f\u0131 Mehmet K. taraf\u0131ndan \u00c7anakkale&#8217;den getirildi\u011fi \u00f6\u011frenildi.<\/p>\n<!-- Error, Advert is not available at this time due to schedule\/geolocation restrictions! -->\n","protected":false},"excerpt":{"rendered":"<p>Bursa&#8217;da d\u00fczenlenen tarihi eser operasyonunda Roma d\u00f6nemine ait heykelleri satmak isteyen biri emekli binba\u015f\u0131 2 ki\u015fi tutukland\u0131.<\/p>\n","protected":false},"author":4,"featured_media":129395,"comment_status":"open","ping_status":"open","sticky":false,"template":"","format":"standard","meta":{"_acf_changed":false,"footnotes":""},"categories":[6155,6221,349,6805],"tags":[845,16423,22439],"class_list":["post-129393","post","type-post","status-publish","format-standard","has-post-thumbnail","hentry","category-gundem","category-kultur","category-son-dakika","category-turkiye","tag-bursa","tag-osmangazi","tag-tarihi-eser-operasyonu"],"acf":[],"_links":{"self":[{"href":"https:\/\/www.nationalturk.com\/tr\/wp-json\/wp\/v2\/posts\/129393","targetHints":{"allow":["GET"]}}],"collection":[{"href":"https:\/\/www.nationalturk.com\/tr\/wp-json\/wp\/v2\/posts"}],"about":[{"href":"https:\/\/www.nationalturk.com\/tr\/wp-json\/wp\/v2\/types\/post"}],"author":[{"embeddable":true,"href":"https:\/\/www.nationalturk.com\/tr\/wp-json\/wp\/v2\/users\/4"}],"replies":[{"embeddable":true,"href":"https:\/\/www.nationalturk.com\/tr\/wp-json\/wp\/v2\/comments?post=129393"}],"version-history":[{"count":0,"href":"https:\/\/www.nationalturk.com\/tr\/wp-json\/wp\/v2\/posts\/129393\/revisions"}],"wp:featuredmedia":[{"embeddable":true,"href":"https:\/\/www.nationalturk.com\/tr\/wp-json\/wp\/v2\/media\/129395"}],"wp:attachment":[{"href":"https:\/\/www.nationalturk.com\/tr\/wp-json\/wp\/v2\/media?parent=129393"}],"wp:term":[{"taxonomy":"category","embeddable":true,"href":"https:\/\/www.nationalturk.com\/tr\/wp-json\/wp\/v2\/categories?post=129393"},{"taxonomy":"post_tag","embeddable":true,"href":"https:\/\/www.nationalturk.com\/tr\/wp-json\/wp\/v2\/tags?post=129393"}],"curies":[{"name":"wp","href":"https:\/\/api.w.org\/{rel}","templated":true}]}}