{"id":129587,"date":"2013-02-09T14:18:05","date_gmt":"2013-02-09T12:18:05","guid":{"rendered":"http:\/\/www.nationalturk.com\/?p=129587"},"modified":"2013-02-09T14:18:05","modified_gmt":"2013-02-09T12:18:05","slug":"torbalida-ayni-gun-ayni-yerde-2-kaza-21-yarali-129587","status":"publish","type":"post","link":"https:\/\/www.nationalturk.com\/tr\/torbalida-ayni-gun-ayni-yerde-2-kaza-21-yarali-129587\/","title":{"rendered":"Torbal\u0131&#8217;da ayn\u0131 g\u00fcn ayn\u0131 yerde 2 kaza: 21 yaral\u0131"},"content":{"rendered":"<h1><img loading=\"lazy\" decoding=\"async\" class=\"alignleft size-medium wp-image-129588\" alt=\"Torbal\u0131&#039;da kaza\" src=\"http:\/\/www.nationalturk.com\/tr\/wp-content\/uploads\/2013\/02\/torbali_kaza-280x187.jpg\" width=\"280\" height=\"187\" title=\"\" srcset=\"https:\/\/www.nationalturk.com\/tr\/wp-content\/uploads\/2013\/02\/torbali_kaza-280x187.jpg 280w, https:\/\/www.nationalturk.com\/tr\/wp-content\/uploads\/2013\/02\/torbali_kaza.jpg 500w\" sizes=\"auto, (max-width: 280px) 100vw, 280px\" \/>\u0130zmir\u2019in Torbal\u0131 il\u00e7esi Ku\u015f\u00e7uburun Mahallesinde meydana gelen iki ayr\u0131 trafik kazas\u0131nda toplam 21 ki\u015fi yaraland\u0131.<\/h1>\n<p>Bug\u00fcn sabah saatlerinde Torbal\u0131 Ku\u015f\u00e7uburun Mahallesi&#8217;ndeki kazada, fabrika i\u015f\u00e7ilerini ta\u015f\u0131yan D.M.A. y\u00f6netimindeki 35 S 00665 servis minib\u00fcs\u00fc, a\u015f\u0131r\u0131 h\u0131z sebebiyle kontrol\u00fcn\u00fc kaybederek kar\u015f\u0131 \u015feride ge\u00e7ti. Takla atan minib\u00fcs, yan yatt\u0131. Kazada 18 ki\u015fi yaraland\u0131. Servis \u015fof\u00f6r\u00fcn\u00fcn muayenesinde, 30 promil alkoll\u00fc oldu\u011fu belirlendi. \u0130fadesinde, gece alkol ald\u0131\u011f\u0131n\u0131 ancak sabah saatlerinde i\u00e7medi\u011fini s\u00f6yledi\u011fi iddia edildi.<\/p>\n<p>Jandarma ekipleri olay yerinde inceleme yapt\u0131\u011f\u0131 s\u0131rada ikinci bir kaza ya\u015fand\u0131. Bunda ise 3 ki\u015fi yaraland\u0131. Yaral\u0131lar\u0131n bir k\u0131sm\u0131, olay yerine gelen sa\u011fl\u0131k ekipleri taraf\u0131ndan ayakta tedavi edildi. Di\u011ferleri Torbal\u0131 Devlet Hastanesi&#8217;ne kald\u0131r\u0131ld\u0131. Bir s\u00fcre kapanan yol, kazaya kar\u0131\u015fan ara\u00e7lar\u0131n \u00e7ekilmesinin ard\u0131ndan a\u00e7\u0131ld\u0131.<\/p>\n<!-- Error, Advert is not available at this time due to schedule\/geolocation restrictions! -->\n","protected":false},"excerpt":{"rendered":"<p>\u0130zmir\u2019in Torbal\u0131 il\u00e7esi Ku\u015f\u00e7uburun Mahallesinde meydana gelen iki ayr\u0131 trafik kazas\u0131nda toplam 21 ki\u015fi yaraland\u0131.<\/p>\n","protected":false},"author":4,"featured_media":180379,"comment_status":"open","ping_status":"open","sticky":false,"template":"","format":"standard","meta":{"_acf_changed":false,"footnotes":""},"categories":[349,6805],"tags":[1681,39468,24841,71233,73977],"class_list":["post-129587","post","type-post","status-publish","format-standard","has-post-thumbnail","hentry","category-son-dakika","category-turkiye","tag-izmir","tag-izmir-trafik-kazasi","tag-torbali","tag-torbali-trafik-kazasi","tag-torbalida-trafik-kazasi"],"acf":[],"_links":{"self":[{"href":"https:\/\/www.nationalturk.com\/tr\/wp-json\/wp\/v2\/posts\/129587","targetHints":{"allow":["GET"]}}],"collection":[{"href":"https:\/\/www.nationalturk.com\/tr\/wp-json\/wp\/v2\/posts"}],"about":[{"href":"https:\/\/www.nationalturk.com\/tr\/wp-json\/wp\/v2\/types\/post"}],"author":[{"embeddable":true,"href":"https:\/\/www.nationalturk.com\/tr\/wp-json\/wp\/v2\/users\/4"}],"replies":[{"embeddable":true,"href":"https:\/\/www.nationalturk.com\/tr\/wp-json\/wp\/v2\/comments?post=129587"}],"version-history":[{"count":0,"href":"https:\/\/www.nationalturk.com\/tr\/wp-json\/wp\/v2\/posts\/129587\/revisions"}],"wp:featuredmedia":[{"embeddable":true,"href":"https:\/\/www.nationalturk.com\/tr\/wp-json\/wp\/v2\/media\/180379"}],"wp:attachment":[{"href":"https:\/\/www.nationalturk.com\/tr\/wp-json\/wp\/v2\/media?parent=129587"}],"wp:term":[{"taxonomy":"category","embeddable":true,"href":"https:\/\/www.nationalturk.com\/tr\/wp-json\/wp\/v2\/categories?post=129587"},{"taxonomy":"post_tag","embeddable":true,"href":"https:\/\/www.nationalturk.com\/tr\/wp-json\/wp\/v2\/tags?post=129587"}],"curies":[{"name":"wp","href":"https:\/\/api.w.org\/{rel}","templated":true}]}}