{"id":129666,"date":"2013-02-11T15:53:30","date_gmt":"2013-02-11T13:53:30","guid":{"rendered":"http:\/\/www.nationalturk.com\/?p=129666"},"modified":"2013-02-11T15:53:30","modified_gmt":"2013-02-11T13:53:30","slug":"vali-basbakani-seven-sut-icsin-129666","status":"publish","type":"post","link":"https:\/\/www.nationalturk.com\/tr\/vali-basbakani-seven-sut-icsin-129666\/","title":{"rendered":"Vali: Ba\u015fbakan\u0131 seven s\u00fct i\u00e7sin"},"content":{"rendered":"<h1><img loading=\"lazy\" decoding=\"async\" class=\"alignleft size-medium wp-image-129673\" alt=\"\" src=\"http:\/\/www.nationalturk.com\/tr\/wp-content\/uploads\/2013\/02\/sut_dagitim-e1360590676725-280x185.jpg\" width=\"280\" height=\"185\" title=\"\" srcset=\"https:\/\/www.nationalturk.com\/tr\/wp-content\/uploads\/2013\/02\/sut_dagitim-e1360590676725-280x185.jpg 280w, https:\/\/www.nationalturk.com\/tr\/wp-content\/uploads\/2013\/02\/sut_dagitim-e1360590676725.jpg 473w\" sizes=\"auto, (max-width: 280px) 100vw, 280px\" \/>A\u011fr\u0131 Valisi Mehmet Tekinarslan, s\u00fct da\u011f\u0131t\u0131m t\u00f6reninde \u00e7ocuklara Cumhurba\u015fkan\u0131 ve Ba\u015fbakan&#8217;\u0131n kim oldu\u011funu sorduktan sonra ekledi: Ba\u015fbakan\u0131m\u0131z\u0131 seven s\u00fct i\u00e7sin&#8230;<\/h1>\n<p>&#8216;Okul s\u00fct\u00fc program\u0131&#8217; T\u00fcrkiye genelindeki 30 bin 885 okulda ba\u015flamas\u0131 nedeniyle A\u011fr\u0131 \u015eeref Sara\u00e7o\u011flu \u0130lk\u00f6\u011fretim Okulu\u2019nda t\u00f6ren d\u00fczenlendi. A\u011fr\u0131\u2019da 48 g\u00fcn 74 bin 989 \u00f6\u011frenciye s\u00fct da\u011f\u0131t\u0131laca\u011f\u0131n\u0131n a\u00e7\u0131klanmas\u0131n\u0131n ard\u0131ndan Vali Mehmet Tekinarslan, \u00f6\u011frencilerle sohbet etti.<\/p>\n<p>Cumhurba\u015fkan\u0131 ve Ba\u015fbakan\u2019\u0131n kim olduklar\u0131n\u0131 soran ve do\u011fru yan\u0131t alan Vali Tekinarslan, Cumhurba\u015fkan\u0131 Abdullah G\u00fcl ve Ba\u015fbakan Recep Tayyip Erdo\u011fan\u2019\u0131n A\u011fr\u0131\u2019y\u0131 ve halk\u0131n\u0131 sevdi\u011fini anlatt\u0131. \u00d6\u011frencilerin s\u00fct i\u00e7melerini te\u015fvik etmek i\u00e7in de Vali Tekinarslan, &#8220;Ba\u015fbakan\u0131m\u0131z s\u00fct i\u00e7en \u00e7ocuklar\u0131 \u00e7ok seviyor ve mutlu oluyor. Ba\u015fbakan\u0131m\u0131z\u0131 seven s\u00fct\u00fcn\u00fc i\u00e7sin&#8221; diye konu\u015ftu.<\/p>\n<!-- Error, Advert is not available at this time due to schedule\/geolocation restrictions! -->\n","protected":false},"excerpt":{"rendered":"<p>A\u011fr\u0131 Valisi Mehmet Tekinarslan, s\u00fct da\u011f\u0131t\u0131m t\u00f6reninde \u00e7ocuklara Cumhurba\u015fkan\u0131 ve Ba\u015fbakan&#8217;\u0131n kim oldu\u011funu sorduktan sonra ekledi: Ba\u015fbakan\u0131m\u0131z\u0131 seven s\u00fct i\u00e7sin&#8230;<\/p>\n","protected":false},"author":4,"featured_media":180365,"comment_status":"open","ping_status":"open","sticky":false,"template":"","format":"standard","meta":{"_acf_changed":false,"footnotes":""},"categories":[6155,5005,6202,6805],"tags":[10611,97905],"class_list":["post-129666","post","type-post","status-publish","format-standard","has-post-thumbnail","hentry","category-gundem","category-manset","category-politika","category-turkiye","tag-agri","tag-okul-sutu-projesi"],"acf":[],"_links":{"self":[{"href":"https:\/\/www.nationalturk.com\/tr\/wp-json\/wp\/v2\/posts\/129666","targetHints":{"allow":["GET"]}}],"collection":[{"href":"https:\/\/www.nationalturk.com\/tr\/wp-json\/wp\/v2\/posts"}],"about":[{"href":"https:\/\/www.nationalturk.com\/tr\/wp-json\/wp\/v2\/types\/post"}],"author":[{"embeddable":true,"href":"https:\/\/www.nationalturk.com\/tr\/wp-json\/wp\/v2\/users\/4"}],"replies":[{"embeddable":true,"href":"https:\/\/www.nationalturk.com\/tr\/wp-json\/wp\/v2\/comments?post=129666"}],"version-history":[{"count":0,"href":"https:\/\/www.nationalturk.com\/tr\/wp-json\/wp\/v2\/posts\/129666\/revisions"}],"wp:featuredmedia":[{"embeddable":true,"href":"https:\/\/www.nationalturk.com\/tr\/wp-json\/wp\/v2\/media\/180365"}],"wp:attachment":[{"href":"https:\/\/www.nationalturk.com\/tr\/wp-json\/wp\/v2\/media?parent=129666"}],"wp:term":[{"taxonomy":"category","embeddable":true,"href":"https:\/\/www.nationalturk.com\/tr\/wp-json\/wp\/v2\/categories?post=129666"},{"taxonomy":"post_tag","embeddable":true,"href":"https:\/\/www.nationalturk.com\/tr\/wp-json\/wp\/v2\/tags?post=129666"}],"curies":[{"name":"wp","href":"https:\/\/api.w.org\/{rel}","templated":true}]}}