{"id":129775,"date":"2013-02-12T13:46:24","date_gmt":"2013-02-12T11:46:24","guid":{"rendered":"http:\/\/www.nationalturk.com\/?p=129775"},"modified":"2013-02-12T13:46:24","modified_gmt":"2013-02-12T11:46:24","slug":"erdogan-kilicdaroglundan-yine-tazminat-kazandi-129775","status":"publish","type":"post","link":"https:\/\/www.nationalturk.com\/tr\/erdogan-kilicdaroglundan-yine-tazminat-kazandi-129775\/","title":{"rendered":"Erdo\u011fan K\u0131l\u0131\u00e7daro\u011flu&#8217;ndan yine tazminat kazand\u0131"},"content":{"rendered":"<h1><img loading=\"lazy\" decoding=\"async\" class=\"alignleft size-medium wp-image-129776\" alt=\"Erdo\u011fan K\u0131l\u0131\u00e7daro\u011flu\" src=\"http:\/\/www.nationalturk.com\/tr\/wp-content\/uploads\/2013\/02\/erdogan______kilicdaroglu-e1360669357748-280x194.jpg\" width=\"280\" height=\"194\" title=\"\" srcset=\"https:\/\/www.nationalturk.com\/tr\/wp-content\/uploads\/2013\/02\/erdogan______kilicdaroglu-e1360669357748-280x194.jpg 280w, https:\/\/www.nationalturk.com\/tr\/wp-content\/uploads\/2013\/02\/erdogan______kilicdaroglu-e1360669357748.jpg 436w\" sizes=\"auto, (max-width: 280px) 100vw, 280px\" \/>Ba\u015fbakan Recep Tayyip Erdo\u011fan, partisinin bir etkinli\u011finde, &#8216;Kendi \u00fclkesini, kendi \u00fclkesinin \u00e7\u0131karlar\u0131n\u0131 koruyamayan adama hain denir&#8217; ifadesini kullanan CHP Genel Ba\u015fkan\u0131 Kemal K\u0131l\u0131\u00e7daro\u011flu\u2019ndan 20 bin lira manevi tazminat kazand\u0131.<\/h1>\n<p>Ankara 12. Asliye Hukuk Mahkemesi\u2019ndeki duru\u015fmaya, Erdo\u011fan\u2019\u0131n avukatlar\u0131 Ali \u00d6zkaya ve Muammer Cemalo\u011flu ile K\u0131l\u0131\u00e7daro\u011flu\u2019nun avukat\u0131 Elife U\u011fur kat\u0131ld\u0131.<\/p>\n<p>Erdo\u011fan\u2019\u0131n avukatlar\u0131, K\u0131l\u0131\u00e7daro\u011flu\u2019nun konu\u015fmas\u0131nda m\u00fcvekkilini, \u201dvatan hainli\u011fi ve ba\u015fka \u00fclkelere hizmet etmekle\u201d su\u00e7lad\u0131\u011f\u0131n\u0131, b\u00f6ylece \u015fahsiyet haklar\u0131na sald\u0131r\u0131 niteli\u011finde a\u011f\u0131r s\u00f6z ve hakaretlerde bulundu\u011funu savundu.<\/p>\n<p>K\u0131l\u0131\u00e7daro\u011flu\u2019nun kulland\u0131\u011f\u0131 c\u00fcmlelerin, s\u00f6z ve ifade \u00f6zg\u00fcrl\u00fc\u011f\u00fcn\u00fc a\u015facak nitelikte oldu\u011funu ifade eden Erdo\u011fan\u2019\u0131n avukatlar\u0131, manevi tazminat talep etti.<\/p>\n<p>Avukat Elife U\u011fur da m\u00fcvekkilinin Erdo\u011fan\u2019a y\u00f6nelik do\u011frudan \u201dhain\u201d su\u00e7lamas\u0131nda bulunmad\u0131\u011f\u0131n\u0131 ileri s\u00fcrerek, \u201dS\u00f6zler tamamen ele\u015ftiri s\u0131n\u0131rlar\u0131 i\u00e7erisindedir. Bu nedenle manevi tazminat\u0131n yasal ko\u015fullar\u0131 olu\u015fmam\u0131\u015ft\u0131r\u201d dedi.<\/p>\n<p>Davay\u0131 k\u0131smen kabul eden Hakim Mustafa \u00c7akmak, K\u0131l\u0131\u00e7daro\u011flu\u2019nun, Ba\u015fbakan Erdo\u011fan\u2019a 20 bin lira manevi tazminat \u00f6demesine h\u00fckmetti.<\/p>\n<p>Dava dilek\u00e7esinde, K\u0131l\u0131\u00e7daro\u011flu\u2019nun 27 Eyl\u00fcl 2012\u2019de CHP\u2019nin Ortak \u00c7al\u0131\u015fma Toplant\u0131s\u0131\u2019ndaki konu\u015fmas\u0131nda, \u201dBa\u015fbakan Erdo\u011fan\u2019\u0131n \u015fahsiyet haklar\u0131na sald\u0131r\u0131 kast\u0131yla fevkalade a\u011f\u0131r hakaretlerde bulundu\u011fu\u201d kaydedilmi\u015fti.<\/p>\n<p>K\u0131l\u0131\u00e7daro\u011flu\u2019nun konu\u015fmas\u0131ndaki, \u201dKendi \u00fclkesini, kendi \u00fclkesinin \u00e7\u0131karlar\u0131n\u0131 koruyamayan adama hain denir\u201d ifadesinin de bulundu\u011fu bir b\u00f6l\u00fcm aktar\u0131lan dilek\u00e7ede, K\u0131l\u0131\u00e7daro\u011flu\u2019nun, bu ifadeleriyle ele\u015ftiri ve ifade \u00f6zg\u00fcrl\u00fc\u011f\u00fc s\u0131n\u0131rlar\u0131n\u0131 a\u015ft\u0131\u011f\u0131 savunulmu\u015f, 100 bin lira manevi tazminat talep edilmi\u015fti.<\/p>\n<!-- Error, Advert is not available at this time due to schedule\/geolocation restrictions! -->\n","protected":false},"excerpt":{"rendered":"<p>Ba\u015fbakan Recep Tayyip Erdo\u011fan, partisinin bir etkinli\u011finde, &#8216;Kendi \u00fclkesini, kendi \u00fclkesinin \u00e7\u0131karlar\u0131n\u0131 koruyamayan adama hain denir&#8217; ifadesini kullanan CHP Genel Ba\u015fkan\u0131 Kemal K\u0131l\u0131\u00e7daro\u011flu\u2019ndan 20 bin lira manevi tazminat kazand\u0131.<\/p>\n","protected":false},"author":4,"featured_media":180350,"comment_status":"open","ping_status":"open","sticky":false,"template":"","format":"standard","meta":{"_acf_changed":false,"footnotes":""},"categories":[6155,6202,349,6805],"tags":[3888,123099],"class_list":["post-129775","post","type-post","status-publish","format-standard","has-post-thumbnail","hentry","category-gundem","category-politika","category-son-dakika","category-turkiye","tag-basbakan-erdogan","tag-erdogan-tazminat"],"acf":[],"_links":{"self":[{"href":"https:\/\/www.nationalturk.com\/tr\/wp-json\/wp\/v2\/posts\/129775","targetHints":{"allow":["GET"]}}],"collection":[{"href":"https:\/\/www.nationalturk.com\/tr\/wp-json\/wp\/v2\/posts"}],"about":[{"href":"https:\/\/www.nationalturk.com\/tr\/wp-json\/wp\/v2\/types\/post"}],"author":[{"embeddable":true,"href":"https:\/\/www.nationalturk.com\/tr\/wp-json\/wp\/v2\/users\/4"}],"replies":[{"embeddable":true,"href":"https:\/\/www.nationalturk.com\/tr\/wp-json\/wp\/v2\/comments?post=129775"}],"version-history":[{"count":0,"href":"https:\/\/www.nationalturk.com\/tr\/wp-json\/wp\/v2\/posts\/129775\/revisions"}],"wp:featuredmedia":[{"embeddable":true,"href":"https:\/\/www.nationalturk.com\/tr\/wp-json\/wp\/v2\/media\/180350"}],"wp:attachment":[{"href":"https:\/\/www.nationalturk.com\/tr\/wp-json\/wp\/v2\/media?parent=129775"}],"wp:term":[{"taxonomy":"category","embeddable":true,"href":"https:\/\/www.nationalturk.com\/tr\/wp-json\/wp\/v2\/categories?post=129775"},{"taxonomy":"post_tag","embeddable":true,"href":"https:\/\/www.nationalturk.com\/tr\/wp-json\/wp\/v2\/tags?post=129775"}],"curies":[{"name":"wp","href":"https:\/\/api.w.org\/{rel}","templated":true}]}}