{"id":129799,"date":"2013-02-12T16:02:14","date_gmt":"2013-02-12T14:02:14","guid":{"rendered":"http:\/\/www.nationalturk.com\/?p=129799"},"modified":"2026-04-27T02:22:55","modified_gmt":"2026-04-26T23:22:55","slug":"sadri-sener-fenerbahce-yonetimi-trabzona-gelmesin-129799","status":"publish","type":"post","link":"https:\/\/www.nationalturk.com\/tr\/sadri-sener-fenerbahce-yonetimi-trabzona-gelmesin-129799\/","title":{"rendered":"Sadri \u015eener: Fenerbah\u00e7e y\u00f6netimi Trabzon&#8217;a gelmesin"},"content":{"rendered":"<h1>Hafta sonu oynanacak Trabzonspor Fenerbah\u00e7e ma\u00e7\u0131 \u00f6ncesinde ortam yine gergin.<\/h1>\n<p>Fanatik gazetesine a\u00e7\u0131klamalarda bulunan Trabzonspor Ba\u015fkan\u0131 Sadri \u015eener, Fenerbah\u00e7e ma\u00e7\u0131n\u0131n atmosferinin bamba\u015fka olaca\u011f\u0131n\u0131 belirterek &#8220;Bizim tak\u0131m b\u00f6yle ma\u00e7lara \u00e7ok iyi konsantre oldu\u011funu daha \u00f6nce bir\u00e7ok kez g\u00f6sterdi.<\/p>\n<p><img loading=\"lazy\" decoding=\"async\" class=\"size-full wp-image-129800 alignnone\" src=\"http:\/\/www.nationalturk.com\/tr\/wp-content\/uploads\/2013\/02\/sadri_sener_tribun-e1360677542842.jpg\" alt=\"Sadri \u015eener\" width=\"610\" height=\"360\" title=\"\"><\/p>\n<p>Sezonun ilk yar\u0131s\u0131nda \u015e\u00fckr\u00fc Saraco\u011flu\u2019ndaki ma\u00e7\u0131 hepimiz hat\u0131rl\u0131yoruz. Biraz daha dikkatli olsayd\u0131k rahat kazanabilirdik. O nedenle b\u00f6yesi bir kar\u015f\u0131la\u015fmada s\u0131k\u0131nt\u0131 olaca\u011f\u0131n\u0131 sanmam, daha iyi futbol ve tabi ki galibiyet bekliyoruz&#8221; dedi.<\/p>\n<p>Fenerbah\u00e7e y\u00f6netimine seslenen Sadri \u015eener, &#8220;Camialar\u0131n aras\u0131ndaki gerginlik halen eski seviyede g\u00f6r\u00fcn\u00fcyor. Daha \u00f6nce dediklerimizle ayn\u0131 noktaday\u0131m; birka\u00e7 samimiyetsiz selamla\u015fmayla d\u00fczelmez bunlar.<\/p>\n<p>Biraz zamana b\u0131rakmak laz\u0131m. Bu ma\u00e7 i\u00e7in de bize bir davetiye istekleri olmad\u0131 \u015fimdilik. Sadece Trabzon\u2019da de\u011fil, Rize\u2019de kalacaklar\u0131n\u0131 biliyoruz, o kadar. Ben bir aksilik olmazsa bu ma\u00e7ta olmak istiyorum&#8221; dedi.<\/p>\n<blockquote class=\"wp-embedded-content\" data-secret=\"2wEO1JlG1J\"><p><a href=\"https:\/\/www.nationalturk.com\/tr\/sadri-sener-adliye-sike-son-dakika-75527\/\">Sadri \u015eener adliyeye sevk edildi<\/a><\/p><\/blockquote>\n<p><iframe loading=\"lazy\" class=\"wp-embedded-content\" sandbox=\"allow-scripts\" security=\"restricted\" style=\"position: absolute; visibility: hidden;\" title=\"&#8220;Sadri \u015eener adliyeye sevk edildi&#8221; &#8212; NationalTurk\" src=\"https:\/\/www.nationalturk.com\/tr\/sadri-sener-adliye-sike-son-dakika-75527\/embed\/#?secret=lLwUPmUttG#?secret=2wEO1JlG1J\" data-secret=\"2wEO1JlG1J\" width=\"500\" height=\"282\" frameborder=\"0\" marginwidth=\"0\" marginheight=\"0\" scrolling=\"no\"><\/iframe><\/p>\n","protected":false},"excerpt":{"rendered":"<p>Trabzonspor Ba\u015fkan\u0131 Sadri \u015eener, istenen ortam\u0131n hala haz\u0131r olmad\u0131\u011f\u0131n\u0131 iddia ederek Fenerbah\u00e7e y\u00f6netiminin Trabzon&#8217;a gelmemesini istedi.<\/p>\n","protected":false},"author":4,"featured_media":180344,"comment_status":"open","ping_status":"open","sticky":false,"template":"","format":"standard","meta":{"_acf_changed":false,"footnotes":""},"categories":[6774,6194],"tags":[849,9726,96832,3037,4117,12068,96687],"class_list":["post-129799","post","type-post","status-publish","format-standard","has-post-thumbnail","hentry","category-futbol","category-spor","tag-fenerbahce","tag-sadri-sener","tag-sadri-sener-fenerbahce","tag-trabzon","tag-trabzonspor","tag-trabzonspor-fenerbahce","tag-trabzonspor-fenerbahce-maci"],"acf":[],"_links":{"self":[{"href":"https:\/\/www.nationalturk.com\/tr\/wp-json\/wp\/v2\/posts\/129799","targetHints":{"allow":["GET"]}}],"collection":[{"href":"https:\/\/www.nationalturk.com\/tr\/wp-json\/wp\/v2\/posts"}],"about":[{"href":"https:\/\/www.nationalturk.com\/tr\/wp-json\/wp\/v2\/types\/post"}],"author":[{"embeddable":true,"href":"https:\/\/www.nationalturk.com\/tr\/wp-json\/wp\/v2\/users\/4"}],"replies":[{"embeddable":true,"href":"https:\/\/www.nationalturk.com\/tr\/wp-json\/wp\/v2\/comments?post=129799"}],"version-history":[{"count":2,"href":"https:\/\/www.nationalturk.com\/tr\/wp-json\/wp\/v2\/posts\/129799\/revisions"}],"predecessor-version":[{"id":305809,"href":"https:\/\/www.nationalturk.com\/tr\/wp-json\/wp\/v2\/posts\/129799\/revisions\/305809"}],"wp:featuredmedia":[{"embeddable":true,"href":"https:\/\/www.nationalturk.com\/tr\/wp-json\/wp\/v2\/media\/180344"}],"wp:attachment":[{"href":"https:\/\/www.nationalturk.com\/tr\/wp-json\/wp\/v2\/media?parent=129799"}],"wp:term":[{"taxonomy":"category","embeddable":true,"href":"https:\/\/www.nationalturk.com\/tr\/wp-json\/wp\/v2\/categories?post=129799"},{"taxonomy":"post_tag","embeddable":true,"href":"https:\/\/www.nationalturk.com\/tr\/wp-json\/wp\/v2\/tags?post=129799"}],"curies":[{"name":"wp","href":"https:\/\/api.w.org\/{rel}","templated":true}]}}