{"id":130227,"date":"2013-02-18T18:07:14","date_gmt":"2013-02-18T16:07:14","guid":{"rendered":"http:\/\/www.nationalturk.com\/?p=130227"},"modified":"2013-02-18T18:07:14","modified_gmt":"2013-02-18T16:07:14","slug":"mehmet-ocalan-imrali-donusu-konustu-130227","status":"publish","type":"post","link":"https:\/\/www.nationalturk.com\/tr\/mehmet-ocalan-imrali-donusu-konustu-130227\/","title":{"rendered":"Mehmet \u00d6calan \u0130mral\u0131 d\u00f6n\u00fc\u015f\u00fc konu\u015ftu"},"content":{"rendered":"<h1><img loading=\"lazy\" decoding=\"async\" class=\"alignleft size-medium wp-image-130228\" alt=\"MEHMET OCALAN GAZETECILERIN SORULARINI YANITLADI\" src=\"http:\/\/www.nationalturk.com\/tr\/wp-content\/uploads\/2013\/02\/mehmet_ocalan_imrali_32883-280x202.jpg\" width=\"280\" height=\"202\" title=\"\" srcset=\"https:\/\/www.nationalturk.com\/tr\/wp-content\/uploads\/2013\/02\/mehmet_ocalan_imrali_32883-280x202.jpg 280w, https:\/\/www.nationalturk.com\/tr\/wp-content\/uploads\/2013\/02\/mehmet_ocalan_imrali_32883-553x400.jpg 553w, https:\/\/www.nationalturk.com\/tr\/wp-content\/uploads\/2013\/02\/mehmet_ocalan_imrali_32883.jpg 712w\" sizes=\"auto, (max-width: 280px) 100vw, 280px\" \/>Ter\u00f6r \u00f6rg\u00fct\u00fc eleba\u015f\u0131 Abdullah \u00d6calan&#8217;\u0131n karde\u015fi Mehmet \u00d6calan, a\u011fabeyi ile g\u00f6r\u00fc\u015fmek i\u00e7in gitti\u011fi \u0130mral\u0131 Adas\u0131&#8217;ndan d\u00f6nd\u00fc. \u00d6calan, ter\u00f6ristba\u015f\u0131yla g\u00f6r\u00fc\u015ft\u00fc\u011f\u00fc konular hakk\u0131nda gazetecilere a\u00e7\u0131klamalarda bulundu.<\/h1>\n<p>Mehmet \u00d6calan, jandarma karakolu \u00f6n\u00fcnde bekleyen bas\u0131n mensuplar\u0131na, kendilerinin aile g\u00f6r\u00fc\u015f haklar\u0131n\u0131 kulland\u0131klar\u0131n\u0131 s\u00f6yledi.<\/p>\n<p>G\u00f6r\u00fc\u015fmede, di\u011fer konular\u0131n da g\u00fcndeme geldi\u011fini ifade eden \u00d6calan, &#8221;Yani bu s\u00fcre\u00e7 \u00fczerinde \u015funu diyebiliriz: S\u00fcrecin ilerleyebilmesi i\u00e7in en k\u0131sa s\u00fcrede, bir e\u015f ba\u015fkanlar ya da bir heyetin g\u00f6r\u00fc\u015fmesi gereklidir. Yani kamuoyuna ya da Kandil gerekiyorsa Kandil&#8217;e bu mesajlar \u0131srarla gidilmez, e\u011fer gidilirse insanlarla gidilir. Bir an \u00f6nce, yani bir heyetin ya da bir e\u015f ba\u015fkanlar\u0131n gitmesi \u00e7ok \u00f6nemlidir ve gereklidir. Bunu s\u00f6ylemek istiyorum, fazla ayr\u0131nt\u0131ya girmek istemiyorum&#8221; diye konu\u015ftu.<\/p>\n<p>\u00d6calan, bir gazetecinin &#8221;Bu hafta bir g\u00f6r\u00fc\u015fme olacak m\u0131-&#8221; sorusunu, &#8221;Bilemiyorum, onu devlet bilir, h\u00fck\u00fcmet bilir, bu konular\u0131 bilemiyorum. Biz aile hakk\u0131m\u0131z\u0131 kulland\u0131k. G\u00f6r\u00fc\u015f\u00fcm\u00fcz\u00fc yapt\u0131k, art\u0131k onu da devlet bilir&#8221; diye yan\u0131tlad\u0131.<br \/>\n&#8221;Size bir mesaj iletti mi- \u0130kinci g\u00f6r\u00fc\u015fmeler i\u00e7in kendisi ne d\u00fc\u015f\u00fcn\u00fcyor&#8221; sorusuna ise \u00d6calan, &#8221;E\u011fer s\u00fcre\u00e7 olacaksa g\u00f6r\u00fc\u015f\u00fcn olmas\u0131 gerekiyor. Yani baz\u0131 mesajlar, baz\u0131 yerlere gideceklerse bu, ku\u015flarla gidilmez, insanlarla gidilir&#8221; yan\u0131t\u0131n\u0131 verdi.<br \/>\n\u00d6calan, bir gazetecinin &#8221;G\u00f6r\u00fc\u015fmek istedi\u011fi ki\u015filerin ismini verdi mi-&#8221; sorusuna kar\u015f\u0131l\u0131k, &#8221;Yani e\u015f ba\u015fkanlarla gidilirse bu s\u00fcre\u00e7te daha demokratik bir \u015fekilde tart\u0131\u015f\u0131l\u0131r ve konu\u015fulur. Herkes bununla tatmin olabilir yani. Belki bir heyet de gitmez bundan sonra. Ama e\u015f ba\u015fkanlarla gidilmesi topluma g\u00f6re daha \u00f6nemlidir, daha gerekiyor&#8221; dedi.<\/p>\n<p>&#8221;Bir takvim var m\u0131-&#8221; sorusu \u00fczerine \u00d6calan, &#8221;Takvimi bilemiyorum, g\u00f6r\u00fc\u015fmelere ba\u011fl\u0131 bir \u015feydir. Herkesin s\u00fcrece katk\u0131 koymas\u0131 laz\u0131m, mazerete gerek yok, i\u015f yapmaya gerek var&#8221; diye konu\u015ftu.<\/p>\n<p>Mehmet \u00d6calan ve beraberindekiler, daha sonra kendilerini bekleyen otomobille Gemlik&#8217;ten ayr\u0131ld\u0131.<\/p>\n<p>Son olarak 14 Ocak 2013&#8217;te adaya giderek a\u011fabeyi ile g\u00f6r\u00fc\u015fen Mehmet \u00d6calan, d\u00f6n\u00fc\u015fte, &#8221;G\u00f6r\u00fc\u015fmede ba\u015fka herhangi bir \u015fey g\u00fcndeme geldi mi&#8221; sorusuna &#8221;\u0130leri ki a\u015famada e\u011fer e\u015f ba\u015fkanlar gelirse o zaman a\u00e7\u0131klayabilirim&#8221; kar\u015f\u0131l\u0131\u011f\u0131n\u0131 vermi\u015fti. &#8221;Hangi konuyla ilgili&#8221; sorusu \u00fczerine \u00d6calan, &#8221;Bu s\u00fcre\u00e7le ilgili&#8230; S\u00fcre\u00e7&#8230;&#8221; ifadesini kullanm\u0131\u015ft\u0131.<\/p>\n<!-- Error, Advert is not available at this time due to schedule\/geolocation restrictions! -->\n","protected":false},"excerpt":{"rendered":"<p>Ter\u00f6r \u00f6rg\u00fct\u00fc eleba\u015f\u0131 Abdullah \u00d6calan&#8217;\u0131n karde\u015fi Mehmet \u00d6calan, a\u011fabeyi ile g\u00f6r\u00fc\u015fmek i\u00e7in gitti\u011fi \u0130mral\u0131 Adas\u0131&#8217;ndan d\u00f6nd\u00fc. \u00d6calan, ter\u00f6ristba\u015f\u0131yla g\u00f6r\u00fc\u015ft\u00fc\u011f\u00fc konular hakk\u0131nda gazetecilere a\u00e7\u0131klamalarda bulundu.<\/p>\n","protected":false},"author":4,"featured_media":180266,"comment_status":"open","ping_status":"open","sticky":false,"template":"","format":"standard","meta":{"_acf_changed":false,"footnotes":""},"categories":[6155,5005,6202,349,6805],"tags":[8068,41891,123532,8072,123529,15029,120544,123530,123531],"class_list":["post-130227","post","type-post","status-publish","format-standard","has-post-thumbnail","hentry","category-gundem","category-manset","category-politika","category-son-dakika","category-turkiye","tag-abdullah-ocalan","tag-gemlik","tag-gemlik-jandarma-karakolu","tag-imrali","tag-imrali-ziyaret","tag-mehmet-ocalan","tag-mehmet-ocalan-imrali","tag-pervin-oduncu","tag-sehmuz-poyraz"],"acf":[],"_links":{"self":[{"href":"https:\/\/www.nationalturk.com\/tr\/wp-json\/wp\/v2\/posts\/130227","targetHints":{"allow":["GET"]}}],"collection":[{"href":"https:\/\/www.nationalturk.com\/tr\/wp-json\/wp\/v2\/posts"}],"about":[{"href":"https:\/\/www.nationalturk.com\/tr\/wp-json\/wp\/v2\/types\/post"}],"author":[{"embeddable":true,"href":"https:\/\/www.nationalturk.com\/tr\/wp-json\/wp\/v2\/users\/4"}],"replies":[{"embeddable":true,"href":"https:\/\/www.nationalturk.com\/tr\/wp-json\/wp\/v2\/comments?post=130227"}],"version-history":[{"count":0,"href":"https:\/\/www.nationalturk.com\/tr\/wp-json\/wp\/v2\/posts\/130227\/revisions"}],"wp:featuredmedia":[{"embeddable":true,"href":"https:\/\/www.nationalturk.com\/tr\/wp-json\/wp\/v2\/media\/180266"}],"wp:attachment":[{"href":"https:\/\/www.nationalturk.com\/tr\/wp-json\/wp\/v2\/media?parent=130227"}],"wp:term":[{"taxonomy":"category","embeddable":true,"href":"https:\/\/www.nationalturk.com\/tr\/wp-json\/wp\/v2\/categories?post=130227"},{"taxonomy":"post_tag","embeddable":true,"href":"https:\/\/www.nationalturk.com\/tr\/wp-json\/wp\/v2\/tags?post=130227"}],"curies":[{"name":"wp","href":"https:\/\/api.w.org\/{rel}","templated":true}]}}