{"id":130311,"date":"2013-02-19T16:59:20","date_gmt":"2013-02-19T14:59:20","guid":{"rendered":"http:\/\/www.nationalturk.com\/?p=130311"},"modified":"2022-09-11T16:38:38","modified_gmt":"2022-09-11T13:38:38","slug":"kuzey-kore-lideri-baba-oldu-iddiasi-130311","status":"publish","type":"post","link":"https:\/\/www.nationalturk.com\/tr\/kuzey-kore-lideri-baba-oldu-iddiasi-130311\/","title":{"rendered":"Kuzey Kore lideri baba oldu iddias\u0131"},"content":{"rendered":"<h1><img loading=\"lazy\" decoding=\"async\" class=\"alignleft size-medium wp-image-130312\" alt=\"Kuzey Kore\" src=\"http:\/\/www.nationalturk.com\/tr\/wp-content\/uploads\/2013\/02\/kuzey_kore_lideri-280x210.jpg\" width=\"280\" height=\"210\" title=\"\" srcset=\"https:\/\/www.nationalturk.com\/tr\/wp-content\/uploads\/2013\/02\/kuzey_kore_lideri-280x210.jpg 280w, https:\/\/www.nationalturk.com\/tr\/wp-content\/uploads\/2013\/02\/kuzey_kore_lideri.jpg 500w\" sizes=\"auto, (max-width: 280px) 100vw, 280px\" \/>Kuzey Kore lideri Kim Jong-un\u2019un e\u015fi Ri Sol-ju\u2019nun do\u011fum yapt\u0131\u011f\u0131 iddia edildi.\u00a0G\u00fcney Koreli devlet yetkilileri, son g\u00fcnlerde Ri\u2019nin ekranlara yans\u0131yan g\u00f6r\u00fcnt\u00fclerde zay\u0131flad\u0131\u011f\u0131n\u0131 belirtti.<\/h1>\n<p>Babas\u0131 Kim Jong-il\u2019in \u00f6l\u00fcm\u00fcnden sonra Kuzey Kore\u2019nin lideri olan Kim Jong-un\u2019un yak\u0131n zamanlarda bir \u00e7ocuk sahibi oldu\u011fu iddia ediliyor. Ge\u00e7en aylarda Kim ile beraber resmi t\u00f6renlere kat\u0131lan Ri Sol-ju\u2019nun hamile kad\u0131nlara \u00f6zel elbiseler giydi\u011fine dikkat \u00e7eken G\u00fcney Koreli devlet yetkilileri, son g\u00fcnlerde Ri\u2019nin ekranlara yans\u0131yan g\u00f6r\u00fcnt\u00fclerde zay\u0131flad\u0131\u011f\u0131n\u0131 belirtti.<\/p>\n<p>\u0130ki ay \u00f6nceki g\u00f6r\u00fcnt\u00fclerde y\u00fcz\u00fc \u015fi\u015fkin olup sa\u00e7\u0131n\u0131 yapt\u0131rmam\u0131\u015f Kuzey Kore\u2019nin First Lady\u2019si, erkanlardaki son g\u00f6r\u00fcnt\u00fclerde sa\u00e7\u0131na perma yapt\u0131rd\u0131\u011f\u0131 ve y\u00fcz\u00fcndeki \u015fi\u015fkinli\u011fin de gitti\u011fi g\u00f6r\u00fcld\u00fc. Ri\u2019nin bir ka\u00e7 hafta \u00f6nce do\u011fum yapm\u0131\u015f oldu\u011fu ihtimalinin y\u00fcksek oldu\u011fu \u00f6\u011frenildi. G\u00fcney Kore Birle\u015ftirme Bakanl\u0131\u011f\u0131\u2019n\u0131n yapt\u0131\u011f\u0131 a\u00e7\u0131klamada, Ri\u2019nin do\u011fum yapt\u0131\u011f\u0131 iddias\u0131n\u0131n tam olarak do\u011frulanmad\u0131\u011f\u0131n\u0131, resimler ve g\u00f6r\u00fcnt\u00fcler \u00fczerinde incelemelerin devam etti\u011fi ifade edildi.<\/p>\n<p>Ge\u00e7en sene Temmuz ay\u0131nda G\u00fcney Kore Parlamentosu\u2019na Kim Jong-un ve ailesi hakk\u0131nda bir rapor haz\u0131rlayan G\u00fcney Kore \u0130stihbarat Servisi, s\u00f6z konusu raporda Ri&#8217;nin do\u011fum tarihini 1989 oldu\u011funu ileri s\u00fcrm\u00fc\u015ft\u00fc. S\u00f6z konusu raporda Kuzey Kore lideri Kim\u2019in 2010 y\u0131l\u0131nda do\u011fan bir \u00e7ocu\u011fu oldu\u011fu ileri s\u00fcr\u00fclm\u00fc\u015ft\u00fc. Bir \u00e7ok Kuzey Kore uzman\u0131, Kim\u2019in baba olup olmad\u0131\u011f\u0131n\u0131 \u00e7ok yak\u0131n zamanda Kuzey Kore medyas\u0131 sayesinde \u00f6\u011frenilebilece\u011fine dikkat \u00e7ekti.<\/p>\n<!-- Error, Advert is not available at this time due to schedule\/geolocation restrictions! -->\n","protected":false},"excerpt":{"rendered":"<p>Kuzey Kore lideri Kim Jong-un\u2019un e\u015fi Ri Sol-ju\u2019nun do\u011fum yapt\u0131\u011f\u0131 iddia edildi. G\u00fcney Koreli devlet yetkilileri, son g\u00fcnlerde Ri\u2019nin ekranlara yans\u0131yan g\u00f6r\u00fcnt\u00fclerde zay\u0131flad\u0131\u011f\u0131n\u0131 belirtti.<\/p>\n","protected":false},"author":4,"featured_media":180255,"comment_status":"open","ping_status":"open","sticky":false,"template":"","format":"standard","meta":{"_acf_changed":false,"footnotes":""},"categories":[6769,6665,6155,6202,220816],"tags":[88215,5622,88211,108431],"class_list":["post-130311","post","type-post","status-publish","format-standard","has-post-thumbnail","hentry","category-asya","category-dunya","category-gundem","category-politika","category-uzak-dogu","tag-kim-jong-un","tag-kuzey-kore","tag-kuzey-kore-lideri","tag-ri-sol-ju"],"acf":[],"_links":{"self":[{"href":"https:\/\/www.nationalturk.com\/tr\/wp-json\/wp\/v2\/posts\/130311","targetHints":{"allow":["GET"]}}],"collection":[{"href":"https:\/\/www.nationalturk.com\/tr\/wp-json\/wp\/v2\/posts"}],"about":[{"href":"https:\/\/www.nationalturk.com\/tr\/wp-json\/wp\/v2\/types\/post"}],"author":[{"embeddable":true,"href":"https:\/\/www.nationalturk.com\/tr\/wp-json\/wp\/v2\/users\/4"}],"replies":[{"embeddable":true,"href":"https:\/\/www.nationalturk.com\/tr\/wp-json\/wp\/v2\/comments?post=130311"}],"version-history":[{"count":0,"href":"https:\/\/www.nationalturk.com\/tr\/wp-json\/wp\/v2\/posts\/130311\/revisions"}],"wp:featuredmedia":[{"embeddable":true,"href":"https:\/\/www.nationalturk.com\/tr\/wp-json\/wp\/v2\/media\/180255"}],"wp:attachment":[{"href":"https:\/\/www.nationalturk.com\/tr\/wp-json\/wp\/v2\/media?parent=130311"}],"wp:term":[{"taxonomy":"category","embeddable":true,"href":"https:\/\/www.nationalturk.com\/tr\/wp-json\/wp\/v2\/categories?post=130311"},{"taxonomy":"post_tag","embeddable":true,"href":"https:\/\/www.nationalturk.com\/tr\/wp-json\/wp\/v2\/tags?post=130311"}],"curies":[{"name":"wp","href":"https:\/\/api.w.org\/{rel}","templated":true}]}}