{"id":130424,"date":"2013-02-20T17:22:30","date_gmt":"2013-02-20T15:22:30","guid":{"rendered":"http:\/\/www.nationalturk.com\/?p=130424"},"modified":"2013-02-20T17:22:30","modified_gmt":"2013-02-20T15:22:30","slug":"edremitte-silahli-catisma-8-yarali-130424","status":"publish","type":"post","link":"https:\/\/www.nationalturk.com\/tr\/edremitte-silahli-catisma-8-yarali-130424\/","title":{"rendered":"Edremit&#8217;te silahl\u0131 \u00e7at\u0131\u015fma: 8 yaral\u0131"},"content":{"rendered":"<h1><img loading=\"lazy\" decoding=\"async\" class=\"alignleft size-medium wp-image-130425\" alt=\"EDREMIT&#039;TE SILAHLI KAVGA\" src=\"http:\/\/www.nationalturk.com\/tr\/wp-content\/uploads\/2013\/02\/edremit_olay-280x200.jpg\" width=\"280\" height=\"200\" title=\"\" srcset=\"https:\/\/www.nationalturk.com\/tr\/wp-content\/uploads\/2013\/02\/edremit_olay-280x200.jpg 280w, https:\/\/www.nationalturk.com\/tr\/wp-content\/uploads\/2013\/02\/edremit_olay-558x400.jpg 558w, https:\/\/www.nationalturk.com\/tr\/wp-content\/uploads\/2013\/02\/edremit_olay.jpg 712w\" sizes=\"auto, (max-width: 280px) 100vw, 280px\" \/>Bal\u0131kesir&#8217;in Edremit il\u00e7esinde aralar\u0131nda husumet bulunan iki grup aras\u0131ndaki s\u00f6zl\u00fc tart\u0131\u015fma silahl\u0131 \u00e7at\u0131\u015fmaya d\u00f6nd\u00fc. Olayda 8 ki\u015fi yaraland\u0131.<\/h1>\n<p>Al\u0131nan bilgilere g\u00f6re \u0130brahimce Mahallesi \u00c7erkez mevkisinde meydana gelen olayda durumu a\u011f\u0131r olan 4 yaral\u0131dan 3&#8217;\u00fcn\u00fcn ameliyata al\u0131nd\u0131\u011f\u0131, birinin yo\u011fun bak\u0131mda tedavisinin s\u00fcrd\u00fc\u011f\u00fc \u00f6\u011frenildi.<\/p>\n<p>Edremit Kaymakam\u0131 Osman Tun\u00e7, 4 yaral\u0131n\u0131n sa\u011fl\u0131k durumlar\u0131n\u0131n ciddiyetini korudu\u011funu belirterek, &#8221;Olaylar\u0131n daha fazla b\u00fcy\u00fcmemesi i\u00e7in Bal\u0131kesir&#8217;den \u00e7evik kuvvet deste\u011fi istedik, geliyor. B\u00f6lgede geni\u015f g\u00fcvenlik \u00f6nlemleri al\u0131nd\u0131. Mahalleye giri\u015f-\u00e7\u0131k\u0131\u015flar kontrol alt\u0131nda tutuluyor&#8221; dedi.<\/p>\n<span style=\"font-weight: bold; color: #f00;\">Error, group does not exist! Check your syntax! (ID: 52)<\/span>\n","protected":false},"excerpt":{"rendered":"<p>Bal\u0131kesir&#8217;in Edremit il\u00e7esinde aralar\u0131nda husumet bulunan iki grup aras\u0131ndaki s\u00f6zl\u00fc tart\u0131\u015fma silahl\u0131 \u00e7at\u0131\u015fmaya d\u00f6nd\u00fc. Olayda 8 ki\u015fi yaraland\u0131.<\/p>\n","protected":false},"author":4,"featured_media":180236,"comment_status":"open","ping_status":"open","sticky":false,"template":"","format":"standard","meta":{"_acf_changed":false,"footnotes":""},"categories":[349,6805],"tags":[40862,97272],"class_list":["post-130424","post","type-post","status-publish","format-standard","has-post-thumbnail","hentry","category-son-dakika","category-turkiye","tag-edremit","tag-edremit-catisma"],"acf":[],"_links":{"self":[{"href":"https:\/\/www.nationalturk.com\/tr\/wp-json\/wp\/v2\/posts\/130424","targetHints":{"allow":["GET"]}}],"collection":[{"href":"https:\/\/www.nationalturk.com\/tr\/wp-json\/wp\/v2\/posts"}],"about":[{"href":"https:\/\/www.nationalturk.com\/tr\/wp-json\/wp\/v2\/types\/post"}],"author":[{"embeddable":true,"href":"https:\/\/www.nationalturk.com\/tr\/wp-json\/wp\/v2\/users\/4"}],"replies":[{"embeddable":true,"href":"https:\/\/www.nationalturk.com\/tr\/wp-json\/wp\/v2\/comments?post=130424"}],"version-history":[{"count":0,"href":"https:\/\/www.nationalturk.com\/tr\/wp-json\/wp\/v2\/posts\/130424\/revisions"}],"wp:featuredmedia":[{"embeddable":true,"href":"https:\/\/www.nationalturk.com\/tr\/wp-json\/wp\/v2\/media\/180236"}],"wp:attachment":[{"href":"https:\/\/www.nationalturk.com\/tr\/wp-json\/wp\/v2\/media?parent=130424"}],"wp:term":[{"taxonomy":"category","embeddable":true,"href":"https:\/\/www.nationalturk.com\/tr\/wp-json\/wp\/v2\/categories?post=130424"},{"taxonomy":"post_tag","embeddable":true,"href":"https:\/\/www.nationalturk.com\/tr\/wp-json\/wp\/v2\/tags?post=130424"}],"curies":[{"name":"wp","href":"https:\/\/api.w.org\/{rel}","templated":true}]}}