{"id":130570,"date":"2013-02-22T13:21:43","date_gmt":"2013-02-22T11:21:43","guid":{"rendered":"http:\/\/www.nationalturk.com\/?p=130570"},"modified":"2013-02-22T13:21:43","modified_gmt":"2013-02-22T11:21:43","slug":"rusya-ve-cinden-abdye-ortak-tepki-130570","status":"publish","type":"post","link":"https:\/\/www.nationalturk.com\/tr\/rusya-ve-cinden-abdye-ortak-tepki-130570\/","title":{"rendered":"Rusya ve \u00c7in&#8217;den ABD&#8217;ye ortak tepki"},"content":{"rendered":"<h1><img loading=\"lazy\" decoding=\"async\" class=\"alignleft size-medium wp-image-130571\" alt=\"\" src=\"http:\/\/www.nationalturk.com\/tr\/wp-content\/uploads\/2013\/02\/rusya_cin-280x218.jpg\" width=\"280\" height=\"218\" title=\"\" srcset=\"https:\/\/www.nationalturk.com\/tr\/wp-content\/uploads\/2013\/02\/rusya_cin-280x218.jpg 280w, https:\/\/www.nationalturk.com\/tr\/wp-content\/uploads\/2013\/02\/rusya_cin.jpg 500w\" sizes=\"auto, (max-width: 280px) 100vw, 280px\" \/>Rusya D\u0131\u015fi\u015fleri Bakan\u0131 Sergey Lavrov, \u00c7inli meslekta\u015f\u0131 Yang Jiechi ile Moskova\u2019da bir araya geldi. Lavrov, \u015eam&#8217;daki sald\u0131r\u0131lar\u0131 k\u0131namayan ABD&#8217;ye tepki g\u00f6sterdi.<\/h1>\n<p>Son g\u00fcnlere kadar Birle\u015fmi\u015f Milletler G\u00fcvenlik Konseyi olarak t\u00fcm ter\u00f6r sald\u0131r\u0131lar\u0131n\u0131n bug\u00fcne kadar oy birli\u011fi ile k\u0131nand\u0131\u011f\u0131n\u0131 hat\u0131rlatan Lavrov, \u201cBurada ter\u00f6r\u00fcn hangi motivasyonla ger\u00e7ekle\u015ftirildi\u011fi ya da nerede oldu\u011funa bakmaks\u0131z\u0131n k\u0131n\u0131yorduk.\u201d dedi.<\/p>\n<p>Suriye\u2019nin ba\u015fkenti \u015eam\u2019da d\u00fcn ger\u00e7ekle\u015fen intihar sald\u0131r\u0131s\u0131nda \u00e7o\u011fu sivil en az 53 ki\u015fi ya\u015fam\u0131n\u0131 yitirirken 200\u2019den fazla ki\u015fi de yaralanm\u0131\u015ft\u0131. Baas Partisi ve Rusya B\u00fcy\u00fckel\u00e7ili\u011fi yak\u0131nlar\u0131nda meydana gelen sald\u0131r\u0131da iki bina tamam\u0131 ile y\u0131k\u0131lm\u0131\u015f, 40\u2019a yak\u0131n ara\u00e7 da yanm\u0131\u015ft\u0131. Patlaman\u0131n etkisi ile Rusya B\u00fcy\u00fckel\u00e7ilik binas\u0131n\u0131n camlar\u0131 da k\u0131r\u0131lm\u0131\u015ft\u0131.<\/p>\n<p>Suriye y\u00f6netimine kar\u015f\u0131 G\u00fcvenlik Konseyi\u2019nde yapt\u0131r\u0131m kararlar\u0131n\u0131 veto eden Moskova ve \u00c7in, \u00fclkede ya\u015fanan intihar sald\u0131r\u0131lar\u0131n\u0131n k\u0131nanmas\u0131 i\u00e7in \u00e7aba sarf ediyor. Moskova Suriye krizinin diyalog yolu ile \u00e7\u00f6z\u00fclmesi i\u00e7in taraflar\u0131 Moskova\u2019ya davet etmeyi s\u00fcrd\u00fcr\u00fcyor.<\/p>\n<p>KUZEY KORE\u2019YE ASKER\u0130 M\u00dcDAHALEYE \u0130Z\u0130N YOK<\/p>\n<p>Kuzey Kore\u2019nin n\u00fckleer deneme yapmas\u0131n\u0131 sert bir \u015fekilde ele\u015ftirdiklerini kaydeden Lavrov, Rusya ve \u00c7in\u2019in bu olay bahane edilerek silahlanma yar\u0131\u015f\u0131n\u0131n yeniden ba\u015flamas\u0131 ya da d\u0131\u015f askeri m\u00fcdahalelere vesile yap\u0131lmas\u0131na kar\u015f\u0131 oldu\u011funu belirtti.<\/p>\n<p>Kuzey Kore n\u00fckleer sorununun \u00e7\u00f6z\u00fcm\u00fc i\u00e7in alt\u0131l\u0131 g\u00f6r\u00fc\u015fmelerin yeniden ba\u015flama \u015fans\u0131n\u0131n tamam\u0131 ile kapat\u0131lmas\u0131n\u0131n do\u011fru olmayaca\u011f\u0131n\u0131 da kaydeden Lavrov, \u201cRusya ve \u00c7in, Kuzey Kore\u2019nin n\u00fckleer deneme yapmas\u0131n\u0131 kabul edilemez olarak de\u011ferlendiriyor ve BM G\u00fcvenlik Konseyi \u00e7er\u00e7evesinde gerekli ad\u0131mlar\u0131n at\u0131lmas\u0131n\u0131 \u00f6ng\u00f6r\u00fcyor.\u201d ifadelerini kulland\u0131.<\/p>\n<!-- Error, Advert is not available at this time due to schedule\/geolocation restrictions! -->\n","protected":false},"excerpt":{"rendered":"<p>Rusya D\u0131\u015fi\u015fleri Bakan\u0131 Sergey Lavrov, \u00c7inli meslekta\u015f\u0131 Yang Jiechi ile Moskova\u2019da bir araya geldi. Lavrov, \u015eam&#8217;daki sald\u0131r\u0131lar\u0131 k\u0131namayan ABD&#8217;ye tepki g\u00f6sterdi.<\/p>\n","protected":false},"author":4,"featured_media":180215,"comment_status":"open","ping_status":"open","sticky":false,"template":"","format":"standard","meta":{"_acf_changed":false,"footnotes":""},"categories":[6768,6769,6770,6665,6155,6772,6202],"tags":[1887,23764,711,5622,1238,721,113532],"class_list":["post-130570","post","type-post","status-publish","format-standard","has-post-thumbnail","hentry","category-amerika","category-asya","category-avrupa","category-dunya","category-gundem","category-ortadogu","category-politika","tag-abd","tag-birlesmis-milletler","tag-cin","tag-kuzey-kore","tag-moskova","tag-rusya","tag-rusya-cin"],"acf":[],"_links":{"self":[{"href":"https:\/\/www.nationalturk.com\/tr\/wp-json\/wp\/v2\/posts\/130570","targetHints":{"allow":["GET"]}}],"collection":[{"href":"https:\/\/www.nationalturk.com\/tr\/wp-json\/wp\/v2\/posts"}],"about":[{"href":"https:\/\/www.nationalturk.com\/tr\/wp-json\/wp\/v2\/types\/post"}],"author":[{"embeddable":true,"href":"https:\/\/www.nationalturk.com\/tr\/wp-json\/wp\/v2\/users\/4"}],"replies":[{"embeddable":true,"href":"https:\/\/www.nationalturk.com\/tr\/wp-json\/wp\/v2\/comments?post=130570"}],"version-history":[{"count":0,"href":"https:\/\/www.nationalturk.com\/tr\/wp-json\/wp\/v2\/posts\/130570\/revisions"}],"wp:featuredmedia":[{"embeddable":true,"href":"https:\/\/www.nationalturk.com\/tr\/wp-json\/wp\/v2\/media\/180215"}],"wp:attachment":[{"href":"https:\/\/www.nationalturk.com\/tr\/wp-json\/wp\/v2\/media?parent=130570"}],"wp:term":[{"taxonomy":"category","embeddable":true,"href":"https:\/\/www.nationalturk.com\/tr\/wp-json\/wp\/v2\/categories?post=130570"},{"taxonomy":"post_tag","embeddable":true,"href":"https:\/\/www.nationalturk.com\/tr\/wp-json\/wp\/v2\/tags?post=130570"}],"curies":[{"name":"wp","href":"https:\/\/api.w.org\/{rel}","templated":true}]}}