{"id":130587,"date":"2013-02-22T15:25:17","date_gmt":"2013-02-22T13:25:17","guid":{"rendered":"http:\/\/www.nationalturk.com\/?p=130587"},"modified":"2013-02-22T15:25:17","modified_gmt":"2013-02-22T13:25:17","slug":"tarsusta-catisma-1-olu-130587","status":"publish","type":"post","link":"https:\/\/www.nationalturk.com\/tr\/tarsusta-catisma-1-olu-130587\/","title":{"rendered":"Tarsus&#8217;ta \u00e7at\u0131\u015fma: 1 \u00f6l\u00fc"},"content":{"rendered":"<h1><img loading=\"lazy\" decoding=\"async\" class=\"alignleft size-medium wp-image-130588\" alt=\"\" src=\"http:\/\/www.nationalturk.com\/tr\/wp-content\/uploads\/2013\/02\/silah_olay_yeri-280x186.jpg\" width=\"280\" height=\"186\" title=\"\" srcset=\"https:\/\/www.nationalturk.com\/tr\/wp-content\/uploads\/2013\/02\/silah_olay_yeri-280x186.jpg 280w, https:\/\/www.nationalturk.com\/tr\/wp-content\/uploads\/2013\/02\/silah_olay_yeri.jpg 500w\" sizes=\"auto, (max-width: 280px) 100vw, 280px\" \/>Mersin\u2019in Tarsus il\u00e7esinde meydana gelen silahl\u0131 \u00e7at\u0131\u015fmada, Ziya Gen\u00e7t\u00fcrk adl\u0131 ki\u015fi hayat\u0131n\u0131 kaybederken 2 ki\u015fi de yaralad\u0131.<\/h1>\n<p>Al\u0131nan bilgilere g\u00f6re, \u00d6\u011fretmenler Mahallesi Yeni Hal Yolu \u00fczerindeki Ayhan G.&#8217;ye (42) ait i\u015f yerine gelen ve aralar\u0131nda husumet oldu\u011fu \u00f6\u011frenilen Mahmut K. ve Ziya Gen\u00e7t\u00fcrk tart\u0131\u015fmaya ba\u015flad\u0131. Tart\u0131\u015fman\u0131n kavgaya d\u00f6n\u00fc\u015fmesi \u00fczerine \u00e7\u0131kan silahl\u0131 kavgada Ziya Gen\u00e7t\u00fcrk olay yerinde hayat\u0131n\u0131 kaybetti. \u0130\u015f yeri sahibi Ayhan G. ile Mahmut K. yaraland\u0131. Yaral\u0131lar ambulanslarla ayr\u0131 hastanelere g\u00f6t\u00fcr\u00fclerek tedavi alt\u0131na al\u0131nd\u0131. Levent G. ve Cem G.&#8217;nin g\u00f6zalt\u0131na al\u0131n\u0131rken, olay yerinde y\u00fczlerce bo\u015f kovan bulundu.<\/p>\n<p>&nbsp;<\/p>\n<!-- Error, Advert is not available at this time due to schedule\/geolocation restrictions! -->\n<p>&nbsp;<\/p>\n","protected":false},"excerpt":{"rendered":"<p>Mersin\u2019in Tarsus il\u00e7esinde meydana gelen silahl\u0131 \u00e7at\u0131\u015fmada, Ziya Gen\u00e7t\u00fcrk adl\u0131 ki\u015fi hayat\u0131n\u0131 kaybederken 2 ki\u015fi de yaralad\u0131.<\/p>\n","protected":false},"author":4,"featured_media":180211,"comment_status":"open","ping_status":"open","sticky":false,"template":"","format":"standard","meta":{"_acf_changed":false,"footnotes":""},"categories":[349,6805],"tags":[35677],"class_list":["post-130587","post","type-post","status-publish","format-standard","has-post-thumbnail","hentry","category-son-dakika","category-turkiye","tag-tarsus"],"acf":[],"_links":{"self":[{"href":"https:\/\/www.nationalturk.com\/tr\/wp-json\/wp\/v2\/posts\/130587","targetHints":{"allow":["GET"]}}],"collection":[{"href":"https:\/\/www.nationalturk.com\/tr\/wp-json\/wp\/v2\/posts"}],"about":[{"href":"https:\/\/www.nationalturk.com\/tr\/wp-json\/wp\/v2\/types\/post"}],"author":[{"embeddable":true,"href":"https:\/\/www.nationalturk.com\/tr\/wp-json\/wp\/v2\/users\/4"}],"replies":[{"embeddable":true,"href":"https:\/\/www.nationalturk.com\/tr\/wp-json\/wp\/v2\/comments?post=130587"}],"version-history":[{"count":0,"href":"https:\/\/www.nationalturk.com\/tr\/wp-json\/wp\/v2\/posts\/130587\/revisions"}],"wp:featuredmedia":[{"embeddable":true,"href":"https:\/\/www.nationalturk.com\/tr\/wp-json\/wp\/v2\/media\/180211"}],"wp:attachment":[{"href":"https:\/\/www.nationalturk.com\/tr\/wp-json\/wp\/v2\/media?parent=130587"}],"wp:term":[{"taxonomy":"category","embeddable":true,"href":"https:\/\/www.nationalturk.com\/tr\/wp-json\/wp\/v2\/categories?post=130587"},{"taxonomy":"post_tag","embeddable":true,"href":"https:\/\/www.nationalturk.com\/tr\/wp-json\/wp\/v2\/tags?post=130587"}],"curies":[{"name":"wp","href":"https:\/\/api.w.org\/{rel}","templated":true}]}}