{"id":130598,"date":"2013-02-22T16:35:07","date_gmt":"2013-02-22T14:35:07","guid":{"rendered":"http:\/\/www.nationalturk.com\/?p=130598"},"modified":"2013-02-22T16:35:07","modified_gmt":"2013-02-22T14:35:07","slug":"izmirde-toplu-tasimada-kredi-karti-donemi-basliyor-130598","status":"publish","type":"post","link":"https:\/\/www.nationalturk.com\/tr\/izmirde-toplu-tasimada-kredi-karti-donemi-basliyor-130598\/","title":{"rendered":"\u0130zmir&#8217;de toplu ta\u015f\u0131mada kredi kart\u0131 d\u00f6nemi ba\u015fl\u0131yor"},"content":{"rendered":"<h1><img loading=\"lazy\" decoding=\"async\" class=\"alignleft size-medium wp-image-130599\" alt=\"IZMIR BUYUKSEHIR BELEDIYE BASKANI AZIZ KOCAOGLU\" src=\"http:\/\/www.nationalturk.com\/tr\/wp-content\/uploads\/2013\/02\/aziz_kocaoglu_ulasim-280x193.jpg\" width=\"280\" height=\"193\" title=\"\" srcset=\"https:\/\/www.nationalturk.com\/tr\/wp-content\/uploads\/2013\/02\/aziz_kocaoglu_ulasim-280x193.jpg 280w, https:\/\/www.nationalturk.com\/tr\/wp-content\/uploads\/2013\/02\/aziz_kocaoglu_ulasim-577x400.jpg 577w, https:\/\/www.nationalturk.com\/tr\/wp-content\/uploads\/2013\/02\/aziz_kocaoglu_ulasim.jpg 712w\" sizes=\"auto, (max-width: 280px) 100vw, 280px\" \/>\u0130zmir B\u00fcy\u00fck\u015fehir Belediye Ba\u015fkan\u0131 Aziz Kocao\u011flu, toplu ta\u015f\u0131ma ara\u00e7lar\u0131nda gelecek y\u0131l kredi kart\u0131 kullan\u0131ma ge\u00e7eceklerini a\u00e7\u0131klad\u0131.<\/h1>\n<p>Uluslararas\u0131 Toplu Ta\u015f\u0131mac\u0131lar Birli\u011fi (UITP), \u0130zmir Esnaf ve Sanatkar Odalar\u0131 Birli\u011fi (\u0130EOSB) ve ESHOT Genel M\u00fcd\u00fcrl\u00fc\u011f\u00fc i\u015fbirli\u011fiyle d\u00fczenlenen Toplu Ta\u015f\u0131mac\u0131l\u0131k T\u00fcrkiye Konferans\u0131, Kaya Termal Oteli&#8217;nde yap\u0131ld\u0131. Toplant\u0131da konu\u015fan Ba\u015fkan Kocao\u011flu, \u0130\u00e7i\u015fleri Bakanl\u0131\u011f\u0131 taraf\u0131ndan verilen imtiyazl\u0131 kart sebebiyle y\u00fczde 25 oran\u0131nda yolcunun \u00fclke genelinde bedava ta\u015f\u0131nd\u0131\u011f\u0131n\u0131 kaydetti: \u201cKentkart verilen vatanda\u015flar\u0131m\u0131zdan hangi durakta ka\u00e7 ki\u015finin bindi\u011fini buluyoruz. Buna g\u00f6re ta\u015f\u0131mac\u0131l\u0131k yap\u0131yoruz. Bunun istisnas\u0131 olan, \u00fccretsiz ta\u015f\u0131d\u0131\u011f\u0131m\u0131z yasayla belirlenmi\u015f ki\u015fileri de bilelim istiyoruz. Bunun i\u00e7in \u00e7e\u015fitli giri\u015fimlerimiz oldu. Bedava da binse, 10 kuru\u015fa da binse, toplu ta\u015f\u0131ma ara\u00e7lar\u0131n\u0131 ka\u00e7 ki\u015finin kulland\u0131\u011f\u0131n\u0131 g\u00f6rmek istiyoruz. Entegrasyonu sa\u011flamak i\u00e7in bu bilgilere ihtiyac\u0131m\u0131z var. Kanunen \u00fccretsiz ya da indirimli ta\u015f\u0131nan yolcular\u0131n i\u00e7in ESHOT ve \u0130ZDEN\u0130Z\u2019i y\u0131ll\u0131k 209 milyon TL s\u00fcbvanse ediyoruz. Yolcular\u0131m\u0131z\u0131n y\u00fczde 25&#8217;ini bedava ta\u015f\u0131yoruz; ta\u015f\u0131yal\u0131m, yasa b\u00f6yle diyor, ele\u015ftirmiyoruz ancak bunlar\u0131n \u00fccretini her ay\u0131n sonunda bir havuza koyal\u0131m.\u201d<\/p>\n<p>\u0130zmir\u2019de halk otob\u00fcs\u00fc uygulamas\u0131 olmad\u0131\u011f\u0131n\u0131 vurgulayan Kocao\u011flu, \u201c\u015eu anda bin 117 adet &#8216;M&#8217; plakal\u0131 minib\u00fcs bulunuyor. Zaman i\u00e7inde kentin yo\u011fun trafi\u011finden d\u0131\u015far\u0131 aktar\u0131larak devam ediliyor. Biz d\u00fczenlemeleri yaparken bu sekt\u00f6re g\u00f6n\u00fcl vermi\u015f \u00f6zel sekt\u00f6r mensuplar\u0131n\u0131 g\u00f6zard\u0131 etmeden, a\u015f\u0131 ve ekme\u011fiyle oynamadan \u00e7\u00f6z\u00fcm \u00fcretmek durumunday\u0131z. Bunu yaparsak, bir \u015feylerin yerine bir \u015fey koymu\u015f kimseyi ma\u011fdur etmemi\u015f oluruz.\u201d dedi.<\/p>\n<p>Konferansa kat\u0131lan \u0130zmir Valisi Mustafa Cahit K\u0131ra\u00e7 ise, \u201cGeli\u015fen ileti\u015fim teknolojilerinden yararlanarak, ula\u015f\u0131ma talebin azalt\u0131lmas\u0131na y\u00f6nelik \u00e7al\u0131\u015fmalar var. Bunun kenti\u00e7i ula\u015f\u0131m sirk\u00fclasyonunu azaltaca\u011f\u0131 bilinmelidir. Ula\u015f\u0131mda esas olan\u0131n insan oldu\u011fu g\u00f6z\u00f6n\u00fcnde bulundurulmal\u0131d\u0131r.\u201d \u015feklinde konu\u015ftu.<\/p>\n<p>ESHOT Genel M\u00fcd\u00fcr\u00fc Faruk Al\u00e7elik de kredi kart\u0131yla ilgili olarak bir ay i\u00e7inde ilk \u00e7al\u0131\u015fman\u0131n tamamlanaca\u011f\u0131n\u0131 s\u00f6yledi. Sistemin be\u015f alt\u0131 i\u00e7inde faaliyete ge\u00e7ece\u011fini belirterek, \u201cBu s\u00fcre i\u00e7inde bin 400\u2019e yak\u0131n okuyucu da g\u00fcncellenecek. B\u00fct\u00fcn banka kredi kartlar\u0131, bu sistem dahilinde kullan\u0131labilecek.\u201d dedi.<\/p>\n<!-- Error, Advert is not available at this time due to schedule\/geolocation restrictions! -->\n<p>&nbsp;<\/p>\n","protected":false},"excerpt":{"rendered":"<p>\u0130zmir B\u00fcy\u00fck\u015fehir Belediye Ba\u015fkan\u0131 Aziz Kocao\u011flu, toplu ta\u015f\u0131ma ara\u00e7lar\u0131nda gelecek y\u0131l kredi kart\u0131 kullan\u0131ma ge\u00e7eceklerini a\u00e7\u0131klad\u0131.<\/p>\n","protected":false},"author":4,"featured_media":180208,"comment_status":"open","ping_status":"open","sticky":false,"template":"","format":"standard","meta":{"_acf_changed":false,"footnotes":""},"categories":[6155,6805],"tags":[30131,4604,10206,1681,30137],"class_list":["post-130598","post","type-post","status-publish","format-standard","has-post-thumbnail","hentry","category-gundem","category-turkiye","tag-aziz-kocaoglu","tag-cahit-kirac","tag-eshot","tag-izmir","tag-izmir-buyuksehir-belediyesi"],"acf":[],"_links":{"self":[{"href":"https:\/\/www.nationalturk.com\/tr\/wp-json\/wp\/v2\/posts\/130598","targetHints":{"allow":["GET"]}}],"collection":[{"href":"https:\/\/www.nationalturk.com\/tr\/wp-json\/wp\/v2\/posts"}],"about":[{"href":"https:\/\/www.nationalturk.com\/tr\/wp-json\/wp\/v2\/types\/post"}],"author":[{"embeddable":true,"href":"https:\/\/www.nationalturk.com\/tr\/wp-json\/wp\/v2\/users\/4"}],"replies":[{"embeddable":true,"href":"https:\/\/www.nationalturk.com\/tr\/wp-json\/wp\/v2\/comments?post=130598"}],"version-history":[{"count":0,"href":"https:\/\/www.nationalturk.com\/tr\/wp-json\/wp\/v2\/posts\/130598\/revisions"}],"wp:featuredmedia":[{"embeddable":true,"href":"https:\/\/www.nationalturk.com\/tr\/wp-json\/wp\/v2\/media\/180208"}],"wp:attachment":[{"href":"https:\/\/www.nationalturk.com\/tr\/wp-json\/wp\/v2\/media?parent=130598"}],"wp:term":[{"taxonomy":"category","embeddable":true,"href":"https:\/\/www.nationalturk.com\/tr\/wp-json\/wp\/v2\/categories?post=130598"},{"taxonomy":"post_tag","embeddable":true,"href":"https:\/\/www.nationalturk.com\/tr\/wp-json\/wp\/v2\/tags?post=130598"}],"curies":[{"name":"wp","href":"https:\/\/api.w.org\/{rel}","templated":true}]}}