{"id":130637,"date":"2013-02-23T14:10:08","date_gmt":"2013-02-23T12:10:08","guid":{"rendered":"http:\/\/www.nationalturk.com\/?p=130637"},"modified":"2013-02-23T14:10:08","modified_gmt":"2013-02-23T12:10:08","slug":"askeri-helikopter-okul-bahcesine-indi-130637","status":"publish","type":"post","link":"https:\/\/www.nationalturk.com\/tr\/askeri-helikopter-okul-bahcesine-indi-130637\/","title":{"rendered":"Askeri helikopter okul bah\u00e7esine indi"},"content":{"rendered":"<h1><img loading=\"lazy\" decoding=\"async\" class=\"alignleft size-medium wp-image-130358\" alt=\"\" src=\"http:\/\/www.nationalturk.com\/tr\/wp-content\/uploads\/2013\/02\/son-dakika-dikey8-206x220.jpg\" width=\"206\" height=\"220\" title=\"\" srcset=\"https:\/\/www.nationalturk.com\/tr\/wp-content\/uploads\/2013\/02\/son-dakika-dikey8-206x220.jpg 206w, https:\/\/www.nationalturk.com\/tr\/wp-content\/uploads\/2013\/02\/son-dakika-dikey8.jpg 300w\" sizes=\"auto, (max-width: 206px) 100vw, 206px\" \/>Diyarbak\u0131r\u2019dan havalanan askeri helikopter, hava muhalefeti nedeniyle Bitlis\u2019te bir okulun bah\u00e7esine acil ini\u015f yapt\u0131.<\/h1>\n<p>Al\u0131nan bilgilere g\u00f6re, askerlerin i\u00e7erisinde oldu\u011fu askeri helikopter sabah saatlerinde Diyarbak\u0131r\u2019dan Van\u2019a gitmek \u00fczere havaland\u0131. Bitlis\u2019e varan askeri helikopter, hava muhalefeti nedeniyle bir s\u00fcre \u015fehrin \u00fczerinde turlad\u0131ktan sonra merkezde bulunan 100. Y\u0131l \u0130lk\u00f6\u011fretim Okulu bah\u00e7esine acil ini\u015f yapt\u0131. Helikopterin ini\u015f yapmas\u0131n\u0131n ard\u0131ndan \u00e7evrede g\u00fcvenlik \u00f6nlemleri al\u0131nd\u0131. Acil ini\u015f sebebinin hava muhalefetinden kaynakland\u0131\u011f\u0131 belirtildi.<\/p>\n<!-- Error, Advert is not available at this time due to schedule\/geolocation restrictions! -->\n","protected":false},"excerpt":{"rendered":"<p>Diyarbak\u0131r\u2019dan havalanan askeri helikopter, hava muhalefeti nedeniyle Bitlis\u2019te bir okulun bah\u00e7esine acil ini\u015f yapt\u0131.<\/p>\n","protected":false},"author":4,"featured_media":180202,"comment_status":"open","ping_status":"open","sticky":false,"template":"","format":"standard","meta":{"_acf_changed":false,"footnotes":""},"categories":[6155,349,6805],"tags":[1469,1470,59196],"class_list":["post-130637","post","type-post","status-publish","format-standard","has-post-thumbnail","hentry","category-gundem","category-son-dakika","category-turkiye","tag-bitlis","tag-diyarbakir","tag-helikopter"],"acf":[],"_links":{"self":[{"href":"https:\/\/www.nationalturk.com\/tr\/wp-json\/wp\/v2\/posts\/130637","targetHints":{"allow":["GET"]}}],"collection":[{"href":"https:\/\/www.nationalturk.com\/tr\/wp-json\/wp\/v2\/posts"}],"about":[{"href":"https:\/\/www.nationalturk.com\/tr\/wp-json\/wp\/v2\/types\/post"}],"author":[{"embeddable":true,"href":"https:\/\/www.nationalturk.com\/tr\/wp-json\/wp\/v2\/users\/4"}],"replies":[{"embeddable":true,"href":"https:\/\/www.nationalturk.com\/tr\/wp-json\/wp\/v2\/comments?post=130637"}],"version-history":[{"count":0,"href":"https:\/\/www.nationalturk.com\/tr\/wp-json\/wp\/v2\/posts\/130637\/revisions"}],"wp:featuredmedia":[{"embeddable":true,"href":"https:\/\/www.nationalturk.com\/tr\/wp-json\/wp\/v2\/media\/180202"}],"wp:attachment":[{"href":"https:\/\/www.nationalturk.com\/tr\/wp-json\/wp\/v2\/media?parent=130637"}],"wp:term":[{"taxonomy":"category","embeddable":true,"href":"https:\/\/www.nationalturk.com\/tr\/wp-json\/wp\/v2\/categories?post=130637"},{"taxonomy":"post_tag","embeddable":true,"href":"https:\/\/www.nationalturk.com\/tr\/wp-json\/wp\/v2\/tags?post=130637"}],"curies":[{"name":"wp","href":"https:\/\/api.w.org\/{rel}","templated":true}]}}