{"id":13069,"date":"2010-01-12T14:04:35","date_gmt":"2010-01-12T12:04:35","guid":{"rendered":"http:\/\/www.nationalturk.com\/?p=13069"},"modified":"2022-09-11T15:46:29","modified_gmt":"2022-09-11T12:46:29","slug":"japon-filmleri-festivali","status":"publish","type":"post","link":"https:\/\/www.nationalturk.com\/tr\/japon-filmleri-festivali\/","title":{"rendered":"Japon Filmleri Festivali 15 Ocak&#8217;ta ba\u015fl\u0131yor"},"content":{"rendered":"<p><strong>\u201c2010 T\u00fcrkiye\u2019de Japonya Y\u0131l\u0131\u201d etkinlikleri kapsam\u0131nda ger\u00e7ekle\u015ftirilecek olan \u201cJapon Filmleri Festivali\u201d 15-16-17 Ocak tarihlerinde \u0130stanbul\u2019da izleyicileriyle bulu\u015fmaya haz\u0131rlan\u0131yor.<\/strong><\/p>\n<p><a href=\"http:\/\/www.nationalturk.com\/tr\/wp-content\/uploads\/2010\/01\/japon-festival.jpg\"><img loading=\"lazy\" decoding=\"async\" class=\"alignleft size-medium wp-image-13070\" title=\"Japon Filmleri Festivali 15 Ocak'ta ba\u015fl\u0131yor\" src=\"http:\/\/www.nationalturk.com\/tr\/wp-content\/uploads\/2010\/01\/japon-festival-280x210.jpg\" alt=\"Japon Filmleri Festivali 15 Ocak'ta ba\u015fl\u0131yor\" width=\"280\" height=\"210\" srcset=\"https:\/\/www.nationalturk.com\/tr\/wp-content\/uploads\/2010\/01\/japon-festival-280x210.jpg 280w, https:\/\/www.nationalturk.com\/tr\/wp-content\/uploads\/2010\/01\/japon-festival.jpg 300w\" sizes=\"auto, (max-width: 280px) 100vw, 280px\" \/><\/a>4 Ocak 2010 Pazartesi g\u00fcn\u00fc Ankara T\u00fcrk-Japon Vakf\u0131\u2019ndaki a\u00e7\u0131l\u0131\u015f t\u00f6reniyle ba\u015flayan \u201c2010 T\u00fcrkiye\u2019de Japonya Y\u0131l\u0131\u201d etkinlikleri kapsam\u0131nda; Japon Filmleri Festivali, 15-16-17 Ocak tarihleri aras\u0131nda \u0130stanbul Cinebonus Ma\u00e7ka G-Mall\u2019da g\u00f6sterimde olacak.<\/p>\n<p>Japonya G\u00f6rsel End\u00fcstri Te\u015fvik Kurumu V\u0130PO ve Japonya K\u00fclt\u00fcr M\u00fcste\u015farl\u0131\u011f\u0131 taraf\u0131ndan d\u00fczenlenen, T\u00fcrk Hava Yollar\u0131&#8217;n\u0131n destek verdi\u011fi festivalin t\u00fcm g\u00f6sterimleri de \u00fccretsiz olacak.<\/p>\n<p>Japon toplumunun en iyi \u015fekilde tan\u0131t\u0131lmas\u0131 ve Japon-T\u00fcrk k\u00fclt\u00fcr al\u0131\u015fveri\u015finin canland\u0131r\u0131lmas\u0131 amac\u0131yla se\u00e7ilmi\u015f 7 yap\u0131mdan olu\u015fan Japon Filmleri Festivali kapsam\u0131nda; &#8220;Sevgili Doktor&#8221;, &#8220;Zirve \u2013 Nirengi Ta\u015f\u0131 Kay\u0131tlar\u0131&#8221;, &#8220;Etraf\u0131m\u0131zdakiler&#8221;, &#8220;Yamazakura \u2013 Yaban Kiraz\u0131 \u00c7i\u00e7ekleri&#8221;, &#8220;Nas\u0131l Kendim Oldum&#8221;, &#8220;D\u00fcn Hiro\u015fima&#8217;da, Bug\u00fcn Hiro\u015fima&#8217;da&#8221;, &#8220;Yar\u0131n\u0131n An\u0131lar\u0131&#8221; filmleri g\u00f6sterimde olacak.<\/p>\n<p><strong>\u0130\u015fte filmlerin g\u00f6sterim tarihleri:<\/strong><\/p>\n<p>15 Ocak 18:30 Sevgili Doktor  Miwa NISHIKAWA<br \/>\n16 Ocak 13:30 Yamazakura &#8211; Yaban Kiraz\u0131 \u00c7i\u00e7ekleri  Tetsuo SHINOHARA<br \/>\n16 Ocak 16:00 Yar\u0131n\u0131n An\u0131lar\u0131  Yukihiko TSUTSUMI<br \/>\n16 Ocak 19:00 Etraf\u0131m\u0131zdakiler  Ryosuke HASHIGUCHI<br \/>\n17 Ocak 13:30 Nas\u0131l Kendim Oldum Jun ICHIKAWA<br \/>\n17 Ocak 16:00 D\u00fcn Hiroshima&#8217;da, Bug\u00fcn Hiroshima&#8217;da Kiyoshi SASABE<br \/>\n17 Ocak 19:00 Zirve \u201cNirengi Ta\u015f\u0131 Kay\u0131tlar\u0131\u201d Daisaku KIMURA<\/p>\n<span style=\"font-weight: bold; color: #f00;\">Error, group does not exist! Check your syntax! (ID: 103)<\/span>\n","protected":false},"excerpt":{"rendered":"<p>\u201c2010 T\u00fcrkiye\u2019de Japonya Y\u0131l\u0131\u201d etkinlikleri kapsam\u0131nda ger\u00e7ekle\u015ftirilecek olan \u201cJapon Filmleri Festivali\u201d 15-16-17 Ocak tarihlerinde \u0130stanbul\u2019da izleyicileriyle bulu\u015fmaya haz\u0131rlan\u0131yor.<\/p>\n","protected":false},"author":3,"featured_media":193111,"comment_status":"open","ping_status":"open","sticky":false,"template":"","format":"standard","meta":{"_acf_changed":false,"footnotes":""},"categories":[6666,6670,6672,220816],"tags":[13690,13687,13686,863,13689,13688],"class_list":["post-13069","post","type-post","status-publish","format-standard","has-post-thumbnail","hentry","category-etkinlikler","category-sanat","category-sinema","category-uzak-dogu","tag-japon-festivali-sevgili-doktor","tag-japon-filmleri","tag-japon-filmleri-festivali","tag-japonya","tag-turkiye-2010-japon-yili","tag-turkiye-japon-filmleri-festivali"],"acf":[],"_links":{"self":[{"href":"https:\/\/www.nationalturk.com\/tr\/wp-json\/wp\/v2\/posts\/13069","targetHints":{"allow":["GET"]}}],"collection":[{"href":"https:\/\/www.nationalturk.com\/tr\/wp-json\/wp\/v2\/posts"}],"about":[{"href":"https:\/\/www.nationalturk.com\/tr\/wp-json\/wp\/v2\/types\/post"}],"author":[{"embeddable":true,"href":"https:\/\/www.nationalturk.com\/tr\/wp-json\/wp\/v2\/users\/3"}],"replies":[{"embeddable":true,"href":"https:\/\/www.nationalturk.com\/tr\/wp-json\/wp\/v2\/comments?post=13069"}],"version-history":[{"count":0,"href":"https:\/\/www.nationalturk.com\/tr\/wp-json\/wp\/v2\/posts\/13069\/revisions"}],"wp:featuredmedia":[{"embeddable":true,"href":"https:\/\/www.nationalturk.com\/tr\/wp-json\/wp\/v2\/media\/193111"}],"wp:attachment":[{"href":"https:\/\/www.nationalturk.com\/tr\/wp-json\/wp\/v2\/media?parent=13069"}],"wp:term":[{"taxonomy":"category","embeddable":true,"href":"https:\/\/www.nationalturk.com\/tr\/wp-json\/wp\/v2\/categories?post=13069"},{"taxonomy":"post_tag","embeddable":true,"href":"https:\/\/www.nationalturk.com\/tr\/wp-json\/wp\/v2\/tags?post=13069"}],"curies":[{"name":"wp","href":"https:\/\/api.w.org\/{rel}","templated":true}]}}