{"id":131004,"date":"2013-03-01T10:17:30","date_gmt":"2013-03-01T08:17:30","guid":{"rendered":"http:\/\/www.nationalturk.com\/?p=131004"},"modified":"2013-03-01T10:17:30","modified_gmt":"2013-03-01T08:17:30","slug":"unal-aysal-galatasaray-iflas-riskiyle-karsi-karsiya-131004","status":"publish","type":"post","link":"https:\/\/www.nationalturk.com\/tr\/unal-aysal-galatasaray-iflas-riskiyle-karsi-karsiya-131004\/","title":{"rendered":"\u00dcnal Aysal: Galatasaray iflas riskiyle kar\u015f\u0131 kar\u015f\u0131ya"},"content":{"rendered":"<h1><img loading=\"lazy\" decoding=\"async\" class=\"alignleft size-medium wp-image-131005\" alt=\"\u00dcnal Aysal\" src=\"http:\/\/www.nationalturk.com\/tr\/wp-content\/uploads\/2013\/03\/unal_aysal_kongre-280x185.jpg\" width=\"280\" height=\"185\" title=\"\" srcset=\"https:\/\/www.nationalturk.com\/tr\/wp-content\/uploads\/2013\/03\/unal_aysal_kongre-280x185.jpg 280w, https:\/\/www.nationalturk.com\/tr\/wp-content\/uploads\/2013\/03\/unal_aysal_kongre.jpg 500w\" sizes=\"auto, (max-width: 280px) 100vw, 280px\" \/>Galatatasaray Ba\u015fkan\u0131 \u00dcnal Aysal, sermaye art\u0131r\u0131m\u0131 yap\u0131lmamas\u0131 durumunda kul\u00fcb\u00fcn iflas riskiyle kar\u015f\u0131 kar\u015f\u0131ya oldu\u011funu s\u00f6yledi. \u00dcnal Aysal &#8216;Bu durumu daha \u00f6nce g\u00f6rseydim ba\u015fkan olmazd\u0131m&#8217; dedi.<\/h1>\n<p>D\u00fcn bir grup gazeteciyle g\u00f6r\u00fc\u015fen Aysal \u00f6nemli a\u00e7\u0131klamalarda bulundu. H\u00fcrriyet gazetesinden Vahap Munyar g\u00f6r\u00fc\u015fmenin detaylar\u0131n\u0131 yazd\u0131:<\/p>\n<p>&#8211; 4 May\u0131s 2011\u2019de ba\u015fkanl\u0131\u011fa se\u00e7ildim. \u00d6nce mali durumumuza bakt\u0131k. 251 milyon lira zararda olan Galatasaray Sportif A.\u015e.\u2019nin 2 milyon 788 bin lira sermayesi vard\u0131. Yani, \u015firket asl\u0131nda iflas noktas\u0131ndayd\u0131. Birileri o y\u00f6nde ad\u0131m atsa an\u0131nda iflas karar\u0131 verilebilirdi.<\/p>\n<p>&#8211; Toplam bor\u00e7lar 328 milyon dolard\u0131. Bunun 78 milyon dolar\u0131 muhacceldi.<\/p>\n<p>Varl\u0131k ve gelirlerin durumunu \u00f6zetledi:<\/p>\n<p>&#8211; T\u00fcrk Telekom Arena, Ocak 2011\u2019de devreye girmi\u015f, koltuk ve loca sat\u0131\u015flar\u0131 3 y\u0131ll\u0131\u011f\u0131na ger\u00e7ekle\u015fmi\u015f, elde edilen gelir harcanm\u0131\u015ft\u0131. Bize \u00f6nemli gelir yaratacak Riva projesi de hemen devreye girecek noktada de\u011fildi.<\/p>\n<p>Bunun \u00fczerine Rus Bankas\u0131 VTB\u2019yle g\u00f6r\u00fc\u015f\u00fcp hisse senedi reposu yapmay\u0131 d\u00fc\u015f\u00fcnd\u00fcklerini kaydetti:<\/p>\n<p>&#8211; Hisse senedi reposu kar\u015f\u0131l\u0131\u011f\u0131nda kredi kullanacakt\u0131k. Ancak, mevzuat m\u00fcsait de\u011fildi. Bunun \u00fczerine \u0130MKB\u2019de hisse sat\u0131\u015f\u0131na giri\u015ftik. Temmuz 2011\u2019den Aral\u0131k 2011\u2019e kadar sat\u0131\u015ftayd\u0131k. 96 milyon dolar toplad\u0131k.<\/p>\n<p>\u00dcnal Aysal, Galatasaray Sportif A.\u015e.\u2019nin sermaye art\u0131r\u0131m\u0131n\u0131n iki a\u015famal\u0131 olmas\u0131n\u0131 SPK\u2019dan bir tavsiyeye ba\u011flad\u0131:<\/p>\n<p>&#8211; Sermayemiz ilk art\u0131r\u0131m \u00f6ncesi 2 milyon 788 bin lirayd\u0131. 13 milyon 940 bin liraya \u00e7\u0131kard\u0131k. Ancak, 300 milyon liral\u0131k bir ekonomik b\u00fcy\u00fckl\u00fc\u011f\u00fc y\u00f6netmek i\u00e7in bu sermaye de yetersizdi.<\/p>\n<p>Galatasaray Sportif A.\u015e.\u2019nin 15 bin yat\u0131r\u0131mc\u0131s\u0131 oldu\u011funu kaydetti:<\/p>\n<p>&#8211; 19 Nisan 2012\u2019de genel kurulumuza kay\u0131tl\u0131 sermayeyi 600 milyon liraya y\u00fckseltmek iste\u011fimizi g\u00f6t\u00fcrd\u00fck. 410 adet hissenin temsilcisi aleyhte oy kullan\u0131rken 153 milyon 452 bin 955 hisseye sahip olan \u00e7o\u011funluk leyhte oy verdi.<\/p>\n<p>Sermaye art\u0131r\u0131m\u0131n\u0131 engellemek isteyenlerin 16 ki\u015fi oldu\u011funu ifade etti:<\/p>\n<p>&#8211; Galatasaray Sportif hisselerini bizim sermaye art\u0131r\u0131m\u0131na gidece\u011fimize d\u00f6n\u00fck ilk g\u00f6r\u00fc\u015fmeleri yapt\u0131\u011f\u0131m\u0131z g\u00fcnlerde alan bu 16 ki\u015fi birbirinin kopyas\u0131 dilek\u00e7elerle i\u015flemi frenlemek \u00fczere dava a\u00e7t\u0131.<\/p>\n<p>Kendisinin de o ki\u015filer hakk\u0131nda dava a\u00e7t\u0131\u011f\u0131n\u0131 vurgulad\u0131:<\/p>\n<p>&#8211; O 16 ki\u015fi Galatasaray taraftar\u0131 de\u011fil. \u0130\u015flemlerimizi zora sokmak i\u00e7in seferber olmu\u015f insanlar.<\/p>\n<p>&#8211; Sonu\u00e7ta ikinci sermaye art\u0131r\u0131m\u0131 denemenize SPK da fren koydu.<\/p>\n<p>&#8211; Maalesef \u00f6yle oldu. B\u00f6ylece 16 ki\u015finin ba\u015flatt\u0131\u011f\u0131 s\u00fcre\u00e7, Galatasaray Sportif hissedarlar\u0131n\u0131n \u00e7o\u011funlu\u011funu mutsuzlu\u011fa s\u00fcr\u00fckledi.<\/p>\n<p>&#8211; Ama sermaye art\u0131r\u0131m\u0131n\u0131z bedelliydi.<\/p>\n<p>&#8211; \u00d6yle ama sermaye art\u0131r\u0131m\u0131yla g\u00fc\u00e7lenecek hisse senetleri onlar\u0131n da i\u015fine gelecekti.<\/p>\n<p>Madem Galatasaray y\u00f6netiminin att\u0131\u011f\u0131 ad\u0131m hissedarlar\u0131n\u0131n \u00e7o\u011fununu i\u015fine yarayacakt\u0131 SPK neden fren koymay\u0131 se\u00e7ti?<\/p>\n<p>SPK etik d\u0131\u015f\u0131 davrand\u0131<\/p>\n<p>\u00dcNAL Aysal, SPK\u2019n\u0131n Galatasaray Sportif\u2019in sermaye art\u0131r\u0131m\u0131n\u0131 tart\u0131\u015fmal\u0131 hale getiren frenleme karar\u0131n\u0131 \u015f\u00f6yle yorumlad\u0131:<\/p>\n<p>&#8211; SPK\u2019n\u0131n k\u00fc\u00e7\u00fck hissedarlar\u0131 korudu\u011fu s\u00f6yleniyor. Galatasaray Sportif\u2019in bize dava a\u00e7an 16 ki\u015fi d\u0131\u015f\u0131nda y\u00fczlerce k\u00fc\u00e7\u00fck hissedar\u0131 var. O k\u00fc\u00e7\u00fck hissedarlar ne olacak? SPK, asl\u0131nda bunu yaparak etik d\u0131\u015f\u0131 davranm\u0131\u015ft\u0131r.<\/p>\n<p>&#8211; Bundan sonraki ad\u0131m ne olacak?<\/p>\n<p>&#8211; Sermaye art\u0131r\u0131m\u0131nda \u0131srarl\u0131y\u0131z. SPK\u2019n\u0131n bu konuda \u00e7izece\u011fi yeni \u00e7er\u00e7eveyi bekliyoruz. Ona g\u00f6re karar\u0131m\u0131z\u0131 verece\u011fiz.<\/p>\n<p>Bu noktada UEFA\u2019n\u0131n mali kurallar\u0131n\u0131 an\u0131msatt\u0131:<\/p>\n<p>&#8211; UEFA\u2019n\u0131n yeni mali kurallar\u0131 var. Bizim g\u00fc\u00e7l\u00fc sermayeye do\u011fru ad\u0131m atmam\u0131z\u0131n alt\u0131nda UEFA\u2019n\u0131n kriterlerine uyum \u00e7abas\u0131 var.<\/p>\n<p>Sonra ekledi:<\/p>\n<p>&#8211; Kul\u00fcplerimiz finansal fair play kurallar\u0131na uymazsa, UEFA kupalar\u0131na kat\u0131lma \u015fans\u0131n\u0131 da kaybedebilir.<\/p>\n<p>* Bunlar\u0131 bilsem ba\u015fkan olmazd\u0131m<\/p>\n<p>\u00dcNAL Aysal, sermaye art\u0131r\u0131m\u0131 y\u00fcz\u00fcnden ya\u015fad\u0131klar\u0131n\u0131n kendisini getirdi\u011fi noktay\u0131 \u015fu c\u00fcmleyle \u00f6zetledi:<\/p>\n<p>&#8211; Galatasaray Sportif\u2019in 251 milyon lira zararla iflas noktas\u0131nda oldu\u011funu, toplam bor\u00e7lar\u0131n 328 milyon dolara ula\u015fmas\u0131yla \u00e7ark\u0131 d\u00f6nd\u00fcrmenin zorla\u015ft\u0131\u011f\u0131n\u0131 daha \u00f6nceden g\u00f6rsem ba\u015fkanl\u0131\u011fa soyunmazd\u0131m.<\/p>\n<!-- Error, Advert is not available at this time due to schedule\/geolocation restrictions! -->\n","protected":false},"excerpt":{"rendered":"<p>Galatatasaray Ba\u015fkan\u0131 \u00dcnal Aysal, sermaye art\u0131r\u0131m\u0131 yap\u0131lmamas\u0131 durumunda kul\u00fcb\u00fcn iflas riskiyle kar\u015f\u0131 kar\u015f\u0131ya oldu\u011funu s\u00f6yledi. \u00dcnal Aysal &#8216;Bu durumu daha \u00f6nce g\u00f6rseydim ba\u015fkan olmazd\u0131m&#8217; dedi.<\/p>\n","protected":false},"author":4,"featured_media":180136,"comment_status":"open","ping_status":"open","sticky":false,"template":"","format":"standard","meta":{"_acf_changed":false,"footnotes":""},"categories":[6774,5005,6194],"tags":[4114,64385,124521],"class_list":["post-131004","post","type-post","status-publish","format-standard","has-post-thumbnail","hentry","category-futbol","category-manset","category-spor","tag-galatasaray","tag-unal-aysal","tag-vahap-munyar"],"acf":[],"_links":{"self":[{"href":"https:\/\/www.nationalturk.com\/tr\/wp-json\/wp\/v2\/posts\/131004","targetHints":{"allow":["GET"]}}],"collection":[{"href":"https:\/\/www.nationalturk.com\/tr\/wp-json\/wp\/v2\/posts"}],"about":[{"href":"https:\/\/www.nationalturk.com\/tr\/wp-json\/wp\/v2\/types\/post"}],"author":[{"embeddable":true,"href":"https:\/\/www.nationalturk.com\/tr\/wp-json\/wp\/v2\/users\/4"}],"replies":[{"embeddable":true,"href":"https:\/\/www.nationalturk.com\/tr\/wp-json\/wp\/v2\/comments?post=131004"}],"version-history":[{"count":0,"href":"https:\/\/www.nationalturk.com\/tr\/wp-json\/wp\/v2\/posts\/131004\/revisions"}],"wp:featuredmedia":[{"embeddable":true,"href":"https:\/\/www.nationalturk.com\/tr\/wp-json\/wp\/v2\/media\/180136"}],"wp:attachment":[{"href":"https:\/\/www.nationalturk.com\/tr\/wp-json\/wp\/v2\/media?parent=131004"}],"wp:term":[{"taxonomy":"category","embeddable":true,"href":"https:\/\/www.nationalturk.com\/tr\/wp-json\/wp\/v2\/categories?post=131004"},{"taxonomy":"post_tag","embeddable":true,"href":"https:\/\/www.nationalturk.com\/tr\/wp-json\/wp\/v2\/tags?post=131004"}],"curies":[{"name":"wp","href":"https:\/\/api.w.org\/{rel}","templated":true}]}}