{"id":131020,"date":"2013-03-01T11:35:15","date_gmt":"2013-03-01T09:35:15","guid":{"rendered":"http:\/\/www.nationalturk.com\/?p=131020"},"modified":"2013-03-01T11:35:15","modified_gmt":"2013-03-01T09:35:15","slug":"trafikte-yeni-duzenleme-hiz-siniri-artiriliyor-131020","status":"publish","type":"post","link":"https:\/\/www.nationalturk.com\/tr\/trafikte-yeni-duzenleme-hiz-siniri-artiriliyor-131020\/","title":{"rendered":"Trafikte yeni d\u00fczenleme! H\u0131z s\u0131n\u0131r\u0131 art\u0131r\u0131l\u0131yor"},"content":{"rendered":"<h1><img loading=\"lazy\" decoding=\"async\" class=\"alignleft size-medium wp-image-131021\" alt=\"\" src=\"http:\/\/www.nationalturk.com\/tr\/wp-content\/uploads\/2013\/03\/trafik_isiklari-280x186.jpg\" width=\"280\" height=\"186\" title=\"\" srcset=\"https:\/\/www.nationalturk.com\/tr\/wp-content\/uploads\/2013\/03\/trafik_isiklari-280x186.jpg 280w, https:\/\/www.nationalturk.com\/tr\/wp-content\/uploads\/2013\/03\/trafik_isiklari-599x400.jpg 599w, https:\/\/www.nationalturk.com\/tr\/wp-content\/uploads\/2013\/03\/trafik_isiklari.jpg 640w\" sizes=\"auto, (max-width: 280px) 100vw, 280px\" \/>Emniyet Genel M\u00fcd\u00fcrl\u00fc\u011f\u00fc, \u015fehir i\u00e7inde h\u0131z s\u0131n\u0131r\u0131n\u0131n artt\u0131r\u0131lmas\u0131na olanak sa\u011flayacak d\u00fczenleme yapt\u0131. Yerle\u015fim yeri i\u00e7indeki b\u00f6l\u00fcnm\u00fc\u015f yollarda h\u0131z s\u0131n\u0131r\u0131 80 kilometreye \u00e7\u0131kar\u0131l\u0131yor.<\/h1>\n<p>Karayollar\u0131 Trafik Kanunu, motorlu ara\u00e7lar\u0131n cins ve kullanma amac\u0131na g\u00f6re s\u00fcr\u00fclebilece\u011fi en fazla h\u0131z s\u0131n\u0131r\u0131n\u0131, \u015fehirler aras\u0131 \u00e7ift y\u00f6nl\u00fc karayollar\u0131nda 90 kilometre, b\u00f6l\u00fcnm\u00fc\u015f yollarda 110 kilometre, otoyollarda da 120 kilometreyi ge\u00e7memek \u00fczere y\u00f6netmelikte belirlenmesini \u00f6n g\u00f6r\u00fcyor.<\/p>\n<p>Karayollar\u0131 Trafik Y\u00f6netmeli\u011fi ile yerle\u015fim yerleri i\u00e7indeki h\u0131z limitleri 50 kilometre olarak belirlenmi\u015f ve Ula\u015f\u0131m Koordinasyon Merkezleri (UKOME) ile il trafik komisyonlar\u0131na yerle\u015fim yerleri i\u00e7indeki h\u0131z limitlerini 20 kilometreye kadar art\u0131rma yetkisi verilmi\u015fti. UKOME ile il trafik komisyonlar\u0131, bir\u00e7ok \u015fehir i\u00e7i ana yolda h\u0131z s\u0131n\u0131r\u0131n\u0131 20 kilometre artt\u0131rarak 70 kilometreye \u00e7\u0131karm\u0131\u015ft\u0131.<\/p>\n<p>Emniyet Genel M\u00fcd\u00fcrl\u00fc\u011f\u00fc Trafik Dairesi Ba\u015fkanl\u0131\u011f\u0131, yerle\u015fim yerleri i\u00e7erisindeki trafik s\u0131k\u0131\u015f\u0131kl\u0131\u011f\u0131n\u0131 azaltmak ve ak\u0131c\u0131l\u0131\u011f\u0131 sa\u011flamak amac\u0131yla di\u011fer \u00fclkelerde oldu\u011fu gibi \u015fehir i\u00e7inde bulunan ve \u015fehirler aras\u0131 yollar\u0131n standartlar\u0131na sahip olan b\u00f6l\u00fcnm\u00fc\u015f karayollar\u0131nda h\u0131z s\u0131n\u0131r\u0131n\u0131n artt\u0131r\u0131lmas\u0131na olanak sa\u011flayan d\u00fczenleme haz\u0131rlad\u0131.<\/p>\n<p>D\u00fczenlemenin y\u00fcr\u00fcrl\u00fc\u011fe girmesinden sonra UKOME veya il trafik komisyonlar\u0131nca karar al\u0131nmas\u0131 halinde yerle\u015fim yeri i\u00e7indeki b\u00f6l\u00fcnm\u00fc\u015f yollarda h\u0131z s\u0131n\u0131r\u0131 70 kilometreden 80 kilometreye \u00e7\u0131kar\u0131labilecek.<\/p>\n<!-- Error, Advert is not available at this time due to schedule\/geolocation restrictions! -->\n","protected":false},"excerpt":{"rendered":"<p>Emniyet Genel M\u00fcd\u00fcrl\u00fc\u011f\u00fc, \u015fehir i\u00e7inde h\u0131z s\u0131n\u0131r\u0131n\u0131n artt\u0131r\u0131lmas\u0131na olanak sa\u011flayacak d\u00fczenleme yapt\u0131. Yerle\u015fim yeri i\u00e7indeki b\u00f6l\u00fcnm\u00fc\u015f yollarda h\u0131z s\u0131n\u0131r\u0131 80 kilometreye \u00e7\u0131kar\u0131l\u0131yor.<\/p>\n","protected":false},"author":4,"featured_media":180133,"comment_status":"open","ping_status":"open","sticky":false,"template":"","format":"standard","meta":{"_acf_changed":false,"footnotes":""},"categories":[6155,5005,6805],"tags":[1873,124528,24865,124531,124533,120730],"class_list":["post-131020","post","type-post","status-publish","format-standard","has-post-thumbnail","hentry","category-gundem","category-manset","category-turkiye","tag-emniyet-genel-mudurlugu","tag-hiz-siniri","tag-karayollari","tag-sehir-ici-hiz-siniri","tag-sehir-icinde-hiz-siniri","tag-ukome"],"acf":[],"_links":{"self":[{"href":"https:\/\/www.nationalturk.com\/tr\/wp-json\/wp\/v2\/posts\/131020","targetHints":{"allow":["GET"]}}],"collection":[{"href":"https:\/\/www.nationalturk.com\/tr\/wp-json\/wp\/v2\/posts"}],"about":[{"href":"https:\/\/www.nationalturk.com\/tr\/wp-json\/wp\/v2\/types\/post"}],"author":[{"embeddable":true,"href":"https:\/\/www.nationalturk.com\/tr\/wp-json\/wp\/v2\/users\/4"}],"replies":[{"embeddable":true,"href":"https:\/\/www.nationalturk.com\/tr\/wp-json\/wp\/v2\/comments?post=131020"}],"version-history":[{"count":0,"href":"https:\/\/www.nationalturk.com\/tr\/wp-json\/wp\/v2\/posts\/131020\/revisions"}],"wp:featuredmedia":[{"embeddable":true,"href":"https:\/\/www.nationalturk.com\/tr\/wp-json\/wp\/v2\/media\/180133"}],"wp:attachment":[{"href":"https:\/\/www.nationalturk.com\/tr\/wp-json\/wp\/v2\/media?parent=131020"}],"wp:term":[{"taxonomy":"category","embeddable":true,"href":"https:\/\/www.nationalturk.com\/tr\/wp-json\/wp\/v2\/categories?post=131020"},{"taxonomy":"post_tag","embeddable":true,"href":"https:\/\/www.nationalturk.com\/tr\/wp-json\/wp\/v2\/tags?post=131020"}],"curies":[{"name":"wp","href":"https:\/\/api.w.org\/{rel}","templated":true}]}}