{"id":131101,"date":"2013-03-01T21:29:40","date_gmt":"2013-03-01T19:29:40","guid":{"rendered":"http:\/\/www.nationalturk.com\/?p=131101"},"modified":"2013-03-01T21:29:41","modified_gmt":"2013-03-01T19:29:41","slug":"yol-verme-kavgasi-olumle-bitti-131101","status":"publish","type":"post","link":"https:\/\/www.nationalturk.com\/tr\/yol-verme-kavgasi-olumle-bitti-131101\/","title":{"rendered":"Yol verme kavgas\u0131 \u00f6l\u00fcmle bitti"},"content":{"rendered":"<h1><a href=\"http:\/\/www.nationalturk.com\/tr\/wp-content\/uploads\/2013\/03\/yol-verme-kavgasi.jpg\"><img loading=\"lazy\" decoding=\"async\" class=\"alignleft size-medium wp-image-131102\" alt=\"Yol verme kavgas\u0131 \u00f6l\u00fcmle bitti\" src=\"http:\/\/www.nationalturk.com\/tr\/wp-content\/uploads\/2013\/03\/yol-verme-kavgasi-280x209.jpg\" width=\"280\" height=\"209\" title=\"\" srcset=\"https:\/\/www.nationalturk.com\/tr\/wp-content\/uploads\/2013\/03\/yol-verme-kavgasi-280x209.jpg 280w, https:\/\/www.nationalturk.com\/tr\/wp-content\/uploads\/2013\/03\/yol-verme-kavgasi.jpg 500w\" sizes=\"auto, (max-width: 280px) 100vw, 280px\" \/><\/a>Gaziosmanpa\u015fa&#8217;da birbirine yol vermeyen iki s\u00fcr\u00fcc\u00fc aras\u0131nda \u00e7\u0131kan silahl\u0131 kavgada bir ki\u015fi \u00f6ld\u00fc, iki ki\u015fi a\u011f\u0131r yaraland\u0131.<\/h1>\n<p>Olay, Gaziosmanpa\u015fa K\u00fc\u00e7\u00fckk\u00f6y Cengiz Topel Caddesi \u00fczerindeki Edirnekap\u0131 Topkap\u0131 Minib\u00fcs Dura\u011f\u0131&#8217;nda saat 16:30 s\u0131ralar\u0131nda meydana geldi.<\/p>\n<p>\u0130ddiaya g\u00f6re, minib\u00fcs dura\u011f\u0131nda g\u00f6revli kahya Vezir O\u011fluk(40), arac\u0131n\u0131 dura\u011f\u0131n yak\u0131n\u0131na park eden bir su sat\u0131c\u0131s\u0131 ile tart\u0131\u015fmaya ba\u015flad\u0131.<\/p>\n<p>Vezir O\u011fluk, ismi \u00f6\u011frenilemeyen su sat\u0131c\u0131s\u0131n\u0131 \u2018arac\u0131n\u0131 buradan \u00e7ek\u2019 diye uyard\u0131. Bunun \u00fczerine su sat\u0131c\u0131s\u0131 ile Vezir O\u011fluk aras\u0131nda tart\u0131\u015fma ya\u015fand\u0131. Su sat\u0131c\u0131s\u0131 silah\u0131n\u0131 \u00e7\u0131kararak Vezir O\u011fluk\u2019u karde\u015fi Veysi O\u011fluk(30)\u2019u ve arkada\u015f\u0131 \u0130smail Tutan\u2019\u0131 da silahla yaralad\u0131. Sald\u0131r\u0131n\u0131n ard\u0131ndan sald\u0131rgan\u0131n arac\u0131na binerek olay yerinden ka\u00e7t\u0131\u011f\u0131 \u00f6\u011frenildi.<\/p>\n<p>Yaralanan 3 ki\u015fi ise ambulansla hastaneye kald\u0131r\u0131ld\u0131. G\u00f6\u011fs\u00fcne kur\u015fun isabet eden Vezir O\u011fluk hastanede hayat\u0131n\u0131 kaybetti. Veysi O\u011fluk ve \u0130smail Tutan \u00f6zel bir hastanede tedavi alt\u0131na al\u0131nd\u0131. Olay\u0131n ard\u0131ndan polis, \u00e7evredeki g\u00fcvenlik kameralar\u0131n\u0131n g\u00f6r\u00fcnt\u00fclerini inceleyerek ka\u00e7an sald\u0131rgan\u0131n yakalanmas\u0131 i\u00e7in \u00e7al\u0131\u015fma ba\u015flatt\u0131.<\/p>\n<p>G\u00f6rg\u00fc tan\u0131klar\u0131, kavgan\u0131n \u2018yol verme\u2019 y\u00fcz\u00fcnden \u00e7\u0131kt\u0131\u011f\u0131n\u0131 ve sald\u0131rgan\u0131n ka\u00e7t\u0131\u011f\u0131n\u0131 s\u00f6yledi.<\/p>\n<p>G\u00f6rg\u00fc tan\u0131\u011f\u0131 S\u0131dd\u0131k Aslanba\u015f silahl\u0131 kavga hakk\u0131nda &#8220;\u015eah\u0131slar aras\u0131nda tart\u0131\u015fma ya\u015fand\u0131. Tart\u0131\u015fan \u015fah\u0131slardan biri olay yerinden uzakla\u015famaya \u00e7al\u0131\u015f\u0131rken di\u011fer \u015fah\u0131slar arabaya \u00e7ullanm\u0131\u015f. Gelmesinler diye bir el havaya ate\u015f etmi\u015f. Di\u011ferleri \u00fcst\u00fcne gelmi\u015f. O da arabadan inip \u015fah\u0131slara ate\u015f etmi\u015f.&#8221; dedi.<\/p>\n<p>Vezir O\u011fluk ve karde\u015fi Veysi O\u011fluk&#8217;un vurulma haberini alan yak\u0131nlar\u0131 hastaneye ak\u0131n etti. Hastaneye gelen yak\u0131nlar\u0131n\u0131n g\u00f6zya\u015f\u0131 d\u00f6kt\u00fc\u011f\u00fc g\u00f6zlendi. Polisin olayla ilgili incelemesi devam ediyor.<\/p>\n<!-- Error, Advert is not available at this time due to schedule\/geolocation restrictions! -->\n","protected":false},"excerpt":{"rendered":"<p>Gaziosmanpa\u015fa&#8217;da birbirine yol vermeyen iki s\u00fcr\u00fcc\u00fc aras\u0131nda \u00e7\u0131kan silahl\u0131 kavgada bir ki\u015fi \u00f6ld\u00fc, iki ki\u015fi a\u011f\u0131r yaraland\u0131.<\/p>\n","protected":false},"author":3,"featured_media":180116,"comment_status":"open","ping_status":"open","sticky":false,"template":"","format":"standard","meta":{"_acf_changed":false,"footnotes":""},"categories":[6155,5005,6805],"tags":[54568,11405,1168,44971],"class_list":["post-131101","post","type-post","status-publish","format-standard","has-post-thumbnail","hentry","category-gundem","category-manset","category-turkiye","tag-edirnekapi","tag-gaziosmanpasa","tag-kucukkoy","tag-topkapi"],"acf":[],"_links":{"self":[{"href":"https:\/\/www.nationalturk.com\/tr\/wp-json\/wp\/v2\/posts\/131101","targetHints":{"allow":["GET"]}}],"collection":[{"href":"https:\/\/www.nationalturk.com\/tr\/wp-json\/wp\/v2\/posts"}],"about":[{"href":"https:\/\/www.nationalturk.com\/tr\/wp-json\/wp\/v2\/types\/post"}],"author":[{"embeddable":true,"href":"https:\/\/www.nationalturk.com\/tr\/wp-json\/wp\/v2\/users\/3"}],"replies":[{"embeddable":true,"href":"https:\/\/www.nationalturk.com\/tr\/wp-json\/wp\/v2\/comments?post=131101"}],"version-history":[{"count":0,"href":"https:\/\/www.nationalturk.com\/tr\/wp-json\/wp\/v2\/posts\/131101\/revisions"}],"wp:featuredmedia":[{"embeddable":true,"href":"https:\/\/www.nationalturk.com\/tr\/wp-json\/wp\/v2\/media\/180116"}],"wp:attachment":[{"href":"https:\/\/www.nationalturk.com\/tr\/wp-json\/wp\/v2\/media?parent=131101"}],"wp:term":[{"taxonomy":"category","embeddable":true,"href":"https:\/\/www.nationalturk.com\/tr\/wp-json\/wp\/v2\/categories?post=131101"},{"taxonomy":"post_tag","embeddable":true,"href":"https:\/\/www.nationalturk.com\/tr\/wp-json\/wp\/v2\/tags?post=131101"}],"curies":[{"name":"wp","href":"https:\/\/api.w.org\/{rel}","templated":true}]}}