{"id":131129,"date":"2013-03-02T12:26:28","date_gmt":"2013-03-02T10:26:28","guid":{"rendered":"http:\/\/www.nationalturk.com\/?p=131129"},"modified":"2013-03-02T12:26:28","modified_gmt":"2013-03-02T10:26:28","slug":"kar-yagisi-doguyu-olumsuz-etkliyor-131129","status":"publish","type":"post","link":"https:\/\/www.nationalturk.com\/tr\/kar-yagisi-doguyu-olumsuz-etkliyor-131129\/","title":{"rendered":"Kar ya\u011f\u0131\u015f\u0131 Do\u011fuyu olumsuz etkliyor"},"content":{"rendered":"<h1><a href=\"http:\/\/www.nationalturk.com\/tr\/wp-content\/uploads\/2013\/03\/dogu-kar-yagisi.jpg\"><img loading=\"lazy\" decoding=\"async\" class=\"alignleft size-full wp-image-131131\" alt=\"Kar ya\u011f\u0131\u015f\u0131 do\u011fuyu olumsuz etkliyor\" src=\"http:\/\/www.nationalturk.com\/tr\/wp-content\/uploads\/2013\/03\/dogu-kar-yagisi.jpg\" width=\"272\" height=\"204\" title=\"\"><\/a>Kar ya\u011f\u0131\u015f\u0131 ve tipi nedeniyle do\u011fu illerimizin baz\u0131lar\u0131nda yollar hala kapal\u0131.<\/h1>\n<p>2 g\u00fcnd\u00fcr aral\u0131klara devam eden kar ya\u011f\u0131\u015f\u0131 nedeniyle Van&#8217;da 70, Bitlis&#8217;te 80 ve Mu\u015f&#8217;ta 13 k\u00f6y yolu ula\u015f\u0131ma kapal\u0131 durumda bulunuyor.<\/p>\n<p>Van Valili\u011fi&#8217;nden yap\u0131lan a\u00e7\u0131klamada, iki g\u00fcnden bu yana aral\u0131klarla devam eden kar ya\u011f\u0131\u015f\u0131 nedeniyle 70 k\u00f6yle ula\u015f\u0131m sa\u011flanamad\u0131\u011f\u0131 belirtildi.<\/p>\n<p>Kar ya\u011f\u0131\u015f\u0131n\u0131n etkisini azaltt\u0131\u011f\u0131 b\u00f6lgelerde ise \u0130l \u00d6zel \u0130daresi karla m\u00fccadele ekiplerinin yollar\u0131n a\u00e7\u0131lmas\u0131 i\u00e7in ba\u015flatt\u0131\u011f\u0131 \u00e7al\u0131\u015fmalar\u0131n aral\u0131ks\u0131z devam etti\u011fi bildirildi.<\/p>\n<p>Meteoroloji B\u00f6lge M\u00fcd\u00fcrl\u00fc\u011f\u00fc yetkilileri, Van, Hakkari, Mu\u015f ve Bitlis \u00e7evresinde havan\u0131n \u00e7ok bulutlu ge\u00e7ece\u011fini bildirerek, d\u00f6rt ilde aral\u0131kl\u0131 karla kar\u0131\u015f\u0131k ya\u011fmur beklendi\u011fini ifade etti.<\/p>\n<p>Hava s\u0131cakl\u0131\u011f\u0131nda \u00f6nemli bir de\u011fi\u015fikli\u011fin beklenmedi\u011fini vurgulayan yetkililer, muhtemel \u00e7\u0131\u011f tehlikesi, buzlanma ve don olaylar\u0131na kar\u015f\u0131 dikkatli olunmas\u0131 uyar\u0131s\u0131nda bulundu.<\/p>\n<p>Bitlis Valili\u011fi&#8217;nden yap\u0131lan a\u00e7\u0131klamada da il genelinde 80 k\u00f6y yolunun ula\u015f\u0131ma kapand\u0131\u011f\u0131, \u0130l \u00d6zel \u0130daresi karla m\u00fccadele ekiplerinin kapal\u0131 yollar\u0131 a\u00e7mak i\u00e7in \u00e7al\u0131\u015fma ba\u015flatt\u0131\u011f\u0131 kaydedildi.<\/p>\n<p>Mu\u015f \u0130l \u00d6zel \u0130daresi yetkilileri ise 13 k\u00f6yle ula\u015f\u0131m sa\u011flanamayan kentte, karla m\u00fccadele ekiplerinin, ya\u011f\u0131\u015f\u0131n etkisini yitirdi\u011fi b\u00f6lgelerde yol a\u00e7ma \u00e7al\u0131\u015fmas\u0131 ba\u015flatt\u0131\u011f\u0131n\u0131 bildirdi.<\/p>\n<!-- Error, Advert is not available at this time due to schedule\/geolocation restrictions! -->\n","protected":false},"excerpt":{"rendered":"<p>Kar ya\u011f\u0131\u015f\u0131 ve tipi nedeniyle do\u011fu illerimizin baz\u0131lar\u0131nda yollar hala kapal\u0131.<\/p>\n","protected":false},"author":3,"featured_media":131131,"comment_status":"open","ping_status":"open","sticky":false,"template":"","format":"standard","meta":{"_acf_changed":false,"footnotes":""},"categories":[6155,5005,6805,6662],"tags":[1469,124618,122826,11020,55549,7918,84946,124620],"class_list":["post-131129","post","type-post","status-publish","format-standard","has-post-thumbnail","hentry","category-gundem","category-manset","category-turkiye","category-yasam","tag-bitlis","tag-bitlis-valiligi","tag-doguda-kar","tag-hakkari","tag-kar-yagisi","tag-mus","tag-van-kar-yagisi","tag-van-valisi"],"acf":[],"_links":{"self":[{"href":"https:\/\/www.nationalturk.com\/tr\/wp-json\/wp\/v2\/posts\/131129","targetHints":{"allow":["GET"]}}],"collection":[{"href":"https:\/\/www.nationalturk.com\/tr\/wp-json\/wp\/v2\/posts"}],"about":[{"href":"https:\/\/www.nationalturk.com\/tr\/wp-json\/wp\/v2\/types\/post"}],"author":[{"embeddable":true,"href":"https:\/\/www.nationalturk.com\/tr\/wp-json\/wp\/v2\/users\/3"}],"replies":[{"embeddable":true,"href":"https:\/\/www.nationalturk.com\/tr\/wp-json\/wp\/v2\/comments?post=131129"}],"version-history":[{"count":0,"href":"https:\/\/www.nationalturk.com\/tr\/wp-json\/wp\/v2\/posts\/131129\/revisions"}],"wp:featuredmedia":[{"embeddable":true,"href":"https:\/\/www.nationalturk.com\/tr\/wp-json\/wp\/v2\/media\/131131"}],"wp:attachment":[{"href":"https:\/\/www.nationalturk.com\/tr\/wp-json\/wp\/v2\/media?parent=131129"}],"wp:term":[{"taxonomy":"category","embeddable":true,"href":"https:\/\/www.nationalturk.com\/tr\/wp-json\/wp\/v2\/categories?post=131129"},{"taxonomy":"post_tag","embeddable":true,"href":"https:\/\/www.nationalturk.com\/tr\/wp-json\/wp\/v2\/tags?post=131129"}],"curies":[{"name":"wp","href":"https:\/\/api.w.org\/{rel}","templated":true}]}}