{"id":13114,"date":"2010-01-12T17:02:09","date_gmt":"2010-01-12T15:02:09","guid":{"rendered":"http:\/\/www.nationalturk.com\/?p=13114"},"modified":"2010-01-12T17:02:09","modified_gmt":"2010-01-12T15:02:09","slug":"tff-trapattoni-haberlerini-yalanladi","status":"publish","type":"post","link":"https:\/\/www.nationalturk.com\/tr\/tff-trapattoni-haberlerini-yalanladi\/","title":{"rendered":"TFF Trapattoni haberlerini yalanlad\u0131"},"content":{"rendered":"<p><strong><img loading=\"lazy\" decoding=\"async\" class=\"alignleft size-medium wp-image-13115\" title=\"Giovani Trapattoni\" src=\"http:\/\/www.nationalturk.com\/tr\/wp-content\/uploads\/2010\/01\/trapattoni_saha_kenari-220x220.jpg\" alt=\"Giovani Trapattoni\" width=\"221\" height=\"220\" srcset=\"https:\/\/www.nationalturk.com\/tr\/wp-content\/uploads\/2010\/01\/trapattoni_saha_kenari-220x220.jpg 221w, https:\/\/www.nationalturk.com\/tr\/wp-content\/uploads\/2010\/01\/trapattoni_saha_kenari-50x50.jpg 50w, https:\/\/www.nationalturk.com\/tr\/wp-content\/uploads\/2010\/01\/trapattoni_saha_kenari.jpg 317w\" sizes=\"auto, (max-width: 221px) 100vw, 221px\" \/>A Milli Tak\u0131m\u0131n Trapattoni ile anla\u015ft\u0131\u011f\u0131 ve Cuma g\u00fcn\u00fc s\u00f6zle\u015fme imzalanaca\u011f\u0131 haberine TFF&#8217;den yalanlama geldi.<\/strong><\/p>\n<p><strong>\u0130\u015eTE TFF&#8217;N\u0130N A\u00c7IKLAMASI;<\/strong><\/p>\n<p>Bug\u00fcn bir haber ajans\u0131n\u0131n yay\u0131nlad\u0131\u011f\u0131 haberde, A Milli Tak\u0131m teknik direkt\u00f6rl\u00fc\u011f\u00fc i\u00e7in Giovanni Trapattoni ile anla\u015f\u0131ld\u0131\u011f\u0131 ve \u0130talyan antren\u00f6r ile Cuma g\u00fcn\u00fc 4 y\u0131ll\u0131k s\u00f6zle\u015fmeye imza at\u0131laca\u011f\u0131 belirtilmi\u015ftir.<\/p>\n<p>S\u00f6z konusu haberde yer alan ayr\u0131nt\u0131lar ve Trapattoni ile Cuma g\u00fcn\u00fc s\u00f6zle\u015fme imzalan\u0131laca\u011f\u0131 iddias\u0131 ger\u00e7ekleri yans\u0131tmamaktad\u0131r.<\/p>\n","protected":false},"excerpt":{"rendered":"<p>A Milli Tak\u0131m\u0131n Trapattoni ile anla\u015ft\u0131\u011f\u0131 ve Cuma g\u00fcn\u00fc s\u00f6zle\u015fme imzalanaca\u011f\u0131 haberine TFF&#8217;den yalanlama geldi.<\/p>\n","protected":false},"author":4,"featured_media":193104,"comment_status":"open","ping_status":"open","sticky":false,"template":"","format":"standard","meta":{"_acf_changed":false,"footnotes":""},"categories":[6774,5005,6194],"tags":[13674,13675,13676],"class_list":["post-13114","post","type-post","status-publish","format-standard","has-post-thumbnail","hentry","category-futbol","category-manset","category-spor","tag-trapattoni","tag-trapattoni-turkiye","tag-turk-milli-takimi-trapattoni"],"acf":[],"_links":{"self":[{"href":"https:\/\/www.nationalturk.com\/tr\/wp-json\/wp\/v2\/posts\/13114","targetHints":{"allow":["GET"]}}],"collection":[{"href":"https:\/\/www.nationalturk.com\/tr\/wp-json\/wp\/v2\/posts"}],"about":[{"href":"https:\/\/www.nationalturk.com\/tr\/wp-json\/wp\/v2\/types\/post"}],"author":[{"embeddable":true,"href":"https:\/\/www.nationalturk.com\/tr\/wp-json\/wp\/v2\/users\/4"}],"replies":[{"embeddable":true,"href":"https:\/\/www.nationalturk.com\/tr\/wp-json\/wp\/v2\/comments?post=13114"}],"version-history":[{"count":0,"href":"https:\/\/www.nationalturk.com\/tr\/wp-json\/wp\/v2\/posts\/13114\/revisions"}],"wp:featuredmedia":[{"embeddable":true,"href":"https:\/\/www.nationalturk.com\/tr\/wp-json\/wp\/v2\/media\/193104"}],"wp:attachment":[{"href":"https:\/\/www.nationalturk.com\/tr\/wp-json\/wp\/v2\/media?parent=13114"}],"wp:term":[{"taxonomy":"category","embeddable":true,"href":"https:\/\/www.nationalturk.com\/tr\/wp-json\/wp\/v2\/categories?post=13114"},{"taxonomy":"post_tag","embeddable":true,"href":"https:\/\/www.nationalturk.com\/tr\/wp-json\/wp\/v2\/tags?post=13114"}],"curies":[{"name":"wp","href":"https:\/\/api.w.org\/{rel}","templated":true}]}}