{"id":131209,"date":"2013-03-04T12:31:47","date_gmt":"2013-03-04T10:31:47","guid":{"rendered":"http:\/\/www.nationalturk.com\/?p=131209"},"modified":"2013-03-04T12:31:47","modified_gmt":"2013-03-04T10:31:47","slug":"ahmet-turk-nevruza-kadar-silahlar-susabilir-131209","status":"publish","type":"post","link":"https:\/\/www.nationalturk.com\/tr\/ahmet-turk-nevruza-kadar-silahlar-susabilir-131209\/","title":{"rendered":"Ahmet T\u00fcrk: Nevruz&#8217;a kadar silahlar susabilir"},"content":{"rendered":"<h1><img loading=\"lazy\" decoding=\"async\" class=\"alignleft size-medium wp-image-131210\" alt=\"Ahmet T\u00fcrk\" src=\"http:\/\/www.nationalturk.com\/tr\/wp-content\/uploads\/2013\/03\/ahmet_turk_bdp-280x186.jpg\" width=\"280\" height=\"186\" title=\"\" srcset=\"https:\/\/www.nationalturk.com\/tr\/wp-content\/uploads\/2013\/03\/ahmet_turk_bdp-280x186.jpg 280w, https:\/\/www.nationalturk.com\/tr\/wp-content\/uploads\/2013\/03\/ahmet_turk_bdp-600x400.jpg 600w, https:\/\/www.nationalturk.com\/tr\/wp-content\/uploads\/2013\/03\/ahmet_turk_bdp.jpg 712w\" sizes=\"auto, (max-width: 280px) 100vw, 280px\" \/>Mardin Ba\u011f\u0131ms\u0131z Milletvekili ve DTK Ba\u015fkan\u0131 Ahmet T\u00fcrk, Kandil g\u00f6r\u00fc\u015fmeleri sonras\u0131ndaki durum hakk\u0131nda a\u00e7\u0131klamalarda bulundu. Ahmet T\u00fcrk, Nevruz&#8217;a kadar silahlar\u0131n susabilece\u011fini iddia etti.<\/h1>\n<p>Cihan&#8217;a konu\u015fan Ahmet T\u00fcrk, Kandil g\u00f6r\u00fc\u015fmesinde PKK&#8217;n\u0131n, Abdullah \u00d6calan&#8217;\u0131n ald\u0131\u011f\u0131 karar\u0131n arkas\u0131nda olduklar\u0131n\u0131 kendilerine beyan ettiklerini dile getirdi. Ba\u015flat\u0131lan s\u00fcrece t\u00fcm K\u00fcrtlerin destek verdi\u011fini ifade eden T\u00fcrk, &#8220;PKK&#8217;n\u0131n, Abdullah \u00d6calan&#8217;\u0131 a\u015facak veya kendisini zora d\u00fc\u015f\u00fcrecek bir tutum i\u00e7erisinde olaca\u011f\u0131n\u0131 zannetmiyorum. Elbette ki onlar\u0131n da talepleri olacak. Ele\u015ftirileri olacak. Bunlar do\u011fru. Ama sonu\u00e7 olarak bize &#8220;Ba\u015fkan\u0131m\u0131z\u0131n ald\u0131\u011f\u0131 karar\u0131n arkas\u0131nday\u0131z &#8221; dediler. Bunu a\u00e7\u0131k bir \u015fekilde bize ifade ettiler. Ancak hi\u00e7 endi\u015feleri yok mu? var. Bug\u00fcn bir\u00e7ok K\u00fcrt&#8217;te bir g\u00fcvensizlik var. Bu g\u00fcvensizli\u011fin ortadan kalkmas\u0131 i\u00e7in de beklentiler var, b\u00fct\u00fcn bunlar do\u011fru. Ama s\u00fcrecin i\u015fletilmesi konusuna b\u00fct\u00fcn K\u00fcrtler destek veriyor. K\u00fcrtlerin bu s\u00fcre\u00e7te b\u00fcy\u00fck umutlar\u0131 var&#8221; dedi.<\/p>\n<p>Ahmet T\u00fcrk, \u00d6calan\u2019\u0131n Kandil\u2019e g\u00f6nderdi\u011fi mektubun cevab\u0131n\u0131n Nevruz\u2019dan \u00f6nce kendilerine iletilmesini beklediklerini, s\u00f6z konusu tarihten \u00f6nce de silahlar\u0131n susmas\u0131n\u0131 umdu\u011funu belirtti.<\/p>\n<p>Milletvekili olmalar\u0131na ra\u011fmen h\u00fck\u00fcmetin projesini bilmediklerini iddia eden Ahmet T\u00fcrk &#8220;Sonu\u00e7ta ba\u015flayan bir s\u00fcre\u00e7 var. \u015eimdi biz silahlar\u0131n b\u0131rak\u0131lmas\u0131n\u0131 \u00f6ne koyarsak, burada s\u00fcre\u00e7 i\u015flemez. Tabi ki esas hedef silahlar\u0131n tamamen g\u00fcndemden kalkmas\u0131d\u0131r. Hi\u00e7bir \u015fey netle\u015fmeden silahlar\u0131 b\u0131rak\u0131n denildi\u011fi zaman bu s\u00fcrecin \u00f6n\u00fc t\u0131kan\u0131r. Nas\u0131l h\u00fck\u00fcmet bize hassasiyet g\u00f6sterin diyor. Bizim de nelerin yap\u0131lmas\u0131 gerekti\u011fi konusunda oturup tart\u0131\u015fmam\u0131z ve bu konuda h\u00fck\u00fcmetin d\u00fc\u015f\u00fcncelerini bilmemiz laz\u0131m. Sonu\u00e7 olarak melse sorun olmaktan \u00e7\u0131kt\u0131\u011f\u0131 zaman, zaten silahlar da T\u00fcrkiye\u2019nin g\u00fcndeminden \u00e7\u0131kar. Yani temel hedef, esasen son hedef budur. Ama bu s\u00fcreci \u2018sadece silahlar\u0131n b\u0131rak\u0131lmas\u0131 i\u00e7in yap\u0131yorum\u2019 dedi\u011finiz zaman o zaman K\u00fcrtler de diyecek ki \u2018peki biz ni\u00e7in silah\u0131 ald\u0131k\u2019 gibi bir tart\u0131\u015fmalar ba\u015flar. Bence bu tart\u0131\u015fmalara girmeden K\u00fcrtleri kucaklay\u0131c\u0131 bir siyasetin bir s\u00fcrecin ba\u015flat\u0131lmas\u0131 gerekiyor. Kucaklay\u0131c\u0131, onun farkl\u0131l\u0131\u011f\u0131n\u0131 g\u00f6ren onun farkl\u0131l\u0131\u011f\u0131n\u0131 da anlayan bir yakla\u015f\u0131m bi\u00e7iminin ortaya \u00e7\u0131kar\u0131lmas\u0131 ile s\u00fcre\u00e7 do\u011fru bir \u015fekilde y\u00fcr\u00fcyebilir diye d\u00fc\u015f\u00fcn\u00fcyorum&#8221; ifadelerini kulland\u0131.<\/p>\n<!-- Error, Advert is not available at this time due to schedule\/geolocation restrictions! -->\n<p>&nbsp;<\/p>\n","protected":false},"excerpt":{"rendered":"<p>Mardin Ba\u011f\u0131ms\u0131z Milletvekili ve DTK Ba\u015fkan\u0131 Ahmet T\u00fcrk, Kandil g\u00f6r\u00fc\u015fmeleri sonras\u0131ndaki durum hakk\u0131nda a\u00e7\u0131klamalarda bulundu. Ahmet T\u00fcrk, Nevruz&#8217;a kadar silahlar\u0131n susabilece\u011fini iddia etti.<\/p>\n","protected":false},"author":4,"featured_media":180104,"comment_status":"open","ping_status":"open","sticky":false,"template":"","format":"standard","meta":{"_acf_changed":false,"footnotes":""},"categories":[6155,5005,6202,6805],"tags":[8068,8871,74354,124688,11498,12307],"class_list":["post-131209","post","type-post","status-publish","format-standard","has-post-thumbnail","hentry","category-gundem","category-manset","category-politika","category-turkiye","tag-abdullah-ocalan","tag-ahmet-turk","tag-ahmet-turk-aciklama","tag-ahmet-turk-nevruz","tag-bdp","tag-kandil"],"acf":[],"_links":{"self":[{"href":"https:\/\/www.nationalturk.com\/tr\/wp-json\/wp\/v2\/posts\/131209","targetHints":{"allow":["GET"]}}],"collection":[{"href":"https:\/\/www.nationalturk.com\/tr\/wp-json\/wp\/v2\/posts"}],"about":[{"href":"https:\/\/www.nationalturk.com\/tr\/wp-json\/wp\/v2\/types\/post"}],"author":[{"embeddable":true,"href":"https:\/\/www.nationalturk.com\/tr\/wp-json\/wp\/v2\/users\/4"}],"replies":[{"embeddable":true,"href":"https:\/\/www.nationalturk.com\/tr\/wp-json\/wp\/v2\/comments?post=131209"}],"version-history":[{"count":0,"href":"https:\/\/www.nationalturk.com\/tr\/wp-json\/wp\/v2\/posts\/131209\/revisions"}],"wp:featuredmedia":[{"embeddable":true,"href":"https:\/\/www.nationalturk.com\/tr\/wp-json\/wp\/v2\/media\/180104"}],"wp:attachment":[{"href":"https:\/\/www.nationalturk.com\/tr\/wp-json\/wp\/v2\/media?parent=131209"}],"wp:term":[{"taxonomy":"category","embeddable":true,"href":"https:\/\/www.nationalturk.com\/tr\/wp-json\/wp\/v2\/categories?post=131209"},{"taxonomy":"post_tag","embeddable":true,"href":"https:\/\/www.nationalturk.com\/tr\/wp-json\/wp\/v2\/tags?post=131209"}],"curies":[{"name":"wp","href":"https:\/\/api.w.org\/{rel}","templated":true}]}}