{"id":131425,"date":"2013-03-06T15:30:14","date_gmt":"2013-03-06T13:30:14","guid":{"rendered":"http:\/\/www.nationalturk.com\/?p=131425"},"modified":"2013-03-06T15:30:14","modified_gmt":"2013-03-06T13:30:14","slug":"hugo-chavez-paylasim-rekoru-kiran-videosu-fox-newsin-aptal-insanlari-131425","status":"publish","type":"post","link":"https:\/\/www.nationalturk.com\/tr\/hugo-chavez-paylasim-rekoru-kiran-videosu-fox-newsin-aptal-insanlari-131425\/","title":{"rendered":"Hugo Chavez&#8217;in payla\u015f\u0131m rekoru k\u0131ran videosu: Fox News&#8217;in aptal insanlar\u0131!"},"content":{"rendered":"<h1><img loading=\"lazy\" decoding=\"async\" class=\"alignleft size-full wp-image-131426\" alt=\"Chavez fox news\" src=\"http:\/\/www.nationalturk.com\/tr\/wp-content\/uploads\/2013\/03\/chavez_fox.jpg\" width=\"250\" height=\"188\" title=\"\">Sadece Venezuela&#8217;da de\u011fil t\u00fcm d\u00fcnyada milyonlarca hayran\u0131 olan Hugo Chavez&#8217;in \u00f6l\u00fcm\u00fcn\u00fcn ard\u0131ndan sosyal medyada bir video payla\u015f\u0131m rekoru k\u0131r\u0131yor. Hugo Chavez, Ahmedinejad&#8217;la dostlu\u011funu ele\u015ftiren ABD&#8217;li FOX News muhabirine unutulmaz bir ayar veriyor&#8230; (Video)<\/h1>\n<p>Hugo Chavez&#8217;in ABD&#8217;de yay\u0131n yapan Fox News muhabiriyle girdi\u011fi tart\u0131\u015fma unutulmad\u0131. \u0130ran Cumhurba\u015fkan\u0131 Mahmud Ahmedinejad&#8217;\u0131n Yahudi soyk\u0131r\u0131m\u0131n\u0131 tan\u0131mad\u0131\u011f\u0131n\u0131 hat\u0131rlatan Fox News muhabiri Chavez&#8217;in Ahmedinejad&#8217;la neden dost oldu\u011funu sormas\u0131 \u00fczerine Venezuela Devlet Ba\u015fkan\u0131 muhabire hangi kanalda \u00e7al\u0131\u015ft\u0131\u011f\u0131n\u0131 soruyor. Fox News yan\u0131t\u0131n\u0131 alan Chavez &#8220;Fox \u00e7al\u0131\u015fanlar\u0131n\u0131 g\u00f6rd\u00fc\u011f\u00fcmde g\u00fcl\u00fcyorum.\u00a0Sean Pean sizin i\u00e7in ne diyor biliyor musunuz: Fox TV&#8217;nin aptal insanlar\u0131. Beyniniz zehirlenmi\u015f&#8221; diye \u00e7\u0131k\u0131\u015f\u0131yor.<\/p>\n<p>Muhabirin \u0130ran ve Ahmedinejad&#8217;la ilgili iddialar\u0131n\u0131 s\u00fcrd\u00fcrmesi \u00fczerine ise Chavez, ABD&#8217;nin yapt\u0131\u011f\u0131 soyk\u0131r\u0131mlardan, Irak ve Afganistan&#8217;daki \u00f6l\u00fcmlerden bahsederek muhabiri adeta yerden yere vuruyor.<\/p>\n<h2>\u0130\u015fte Hugo Chavez&#8217;in Fox News muhabirini rezil etti\u011fi anlar \/ Video;<\/h2>\n[media id=2056 width=610 height=340]\n<!-- Error, Advert is not available at this time due to schedule\/geolocation restrictions! -->\n","protected":false},"excerpt":{"rendered":"<p>Sadece Venezuela&#8217;da de\u011fil t\u00fcm d\u00fcnyada milyonlarca hayran\u0131 olan Hugo Chavez&#8217;in \u00f6l\u00fcm\u00fcn\u00fcn ard\u0131ndan sosyal medyada bir video payla\u015f\u0131m rekoru k\u0131r\u0131yor. Hugo Chavez, Ahmedinejad&#8217;la dostlu\u011funu ele\u015ftiren ABD&#8217;li FOX News muhabirine unutulmaz bir ayar veriyor&#8230; (Video)<\/p>\n","protected":false},"author":4,"featured_media":131426,"comment_status":"open","ping_status":"open","sticky":false,"template":"","format":"standard","meta":{"_acf_changed":false,"footnotes":""},"categories":[6768,6665,6155,6771,5005,6772,6202],"tags":[7010,23654],"class_list":["post-131425","post","type-post","status-publish","format-standard","has-post-thumbnail","hentry","category-amerika","category-dunya","category-gundem","category-latin-amerika","category-manset","category-ortadogu","category-politika","tag-hugo-chavez","tag-hugo-chavez-video"],"acf":[],"_links":{"self":[{"href":"https:\/\/www.nationalturk.com\/tr\/wp-json\/wp\/v2\/posts\/131425","targetHints":{"allow":["GET"]}}],"collection":[{"href":"https:\/\/www.nationalturk.com\/tr\/wp-json\/wp\/v2\/posts"}],"about":[{"href":"https:\/\/www.nationalturk.com\/tr\/wp-json\/wp\/v2\/types\/post"}],"author":[{"embeddable":true,"href":"https:\/\/www.nationalturk.com\/tr\/wp-json\/wp\/v2\/users\/4"}],"replies":[{"embeddable":true,"href":"https:\/\/www.nationalturk.com\/tr\/wp-json\/wp\/v2\/comments?post=131425"}],"version-history":[{"count":0,"href":"https:\/\/www.nationalturk.com\/tr\/wp-json\/wp\/v2\/posts\/131425\/revisions"}],"wp:featuredmedia":[{"embeddable":true,"href":"https:\/\/www.nationalturk.com\/tr\/wp-json\/wp\/v2\/media\/131426"}],"wp:attachment":[{"href":"https:\/\/www.nationalturk.com\/tr\/wp-json\/wp\/v2\/media?parent=131425"}],"wp:term":[{"taxonomy":"category","embeddable":true,"href":"https:\/\/www.nationalturk.com\/tr\/wp-json\/wp\/v2\/categories?post=131425"},{"taxonomy":"post_tag","embeddable":true,"href":"https:\/\/www.nationalturk.com\/tr\/wp-json\/wp\/v2\/tags?post=131425"}],"curies":[{"name":"wp","href":"https:\/\/api.w.org\/{rel}","templated":true}]}}