{"id":13145,"date":"2010-01-13T11:11:17","date_gmt":"2010-01-13T09:11:17","guid":{"rendered":"http:\/\/www.nationalturk.com\/?p=13145"},"modified":"2010-01-13T11:11:17","modified_gmt":"2010-01-13T09:11:17","slug":"kurtlar-vadisi-filistin","status":"publish","type":"post","link":"https:\/\/www.nationalturk.com\/tr\/kurtlar-vadisi-filistin\/","title":{"rendered":"Pana Film&#8217;den misilleme: &#8220;Kurtlar Vadisi Filistin&#8221; geliyor"},"content":{"rendered":"<p><strong><img loading=\"lazy\" decoding=\"async\" class=\"alignleft size-medium wp-image-13147\" title=\"Kurtlar Vadisi\" src=\"http:\/\/www.nationalturk.com\/tr\/wp-content\/uploads\/2010\/01\/kurtlar_vadisi_pusu-185x219.jpg\" alt=\"Kurtlar Vadisi\" width=\"214\" height=\"220\" srcset=\"https:\/\/www.nationalturk.com\/tr\/wp-content\/uploads\/2010\/01\/kurtlar_vadisi_pusu-185x219.jpg 214w, https:\/\/www.nationalturk.com\/tr\/wp-content\/uploads\/2010\/01\/kurtlar_vadisi_pusu-50x50.jpg 50w, https:\/\/www.nationalturk.com\/tr\/wp-content\/uploads\/2010\/01\/kurtlar_vadisi_pusu.jpg 332w\" sizes=\"auto, (max-width: 214px) 100vw, 214px\" \/>\u0130srail ile T\u00fcrkiye aras\u0131ndaki gerginli\u011fin oda\u011f\u0131ndaki Kurtlar Vadisi dizisinin yap\u0131mc\u0131s\u0131 Pana Film, misilleme olarak &#8220;Kurtlar Vadisi Filistin&#8221;i \u00e7ekece\u011fini duyurdu.<\/strong><\/p>\n<p>Kurtlar Vadisi&#8217;nin senaristlerinden Bahad\u0131r \u00d6zdener, &#8220;1,5-2 dakikaya hassasiyet g\u00f6steriyorlar. 1,5 saatlik Filistin&#8217;i anlatal\u0131m, bakal\u0131m ne tepki verecekler&#8221; dedi.<\/p>\n<p>Bahad\u0131r \u00d6zdener, dizi ve \u0130srail&#8217;in hazmedemedi\u011fi sahneler hakk\u0131nda Canl\u0131 Gaste&#8217;de Can D\u00fcndar&#8217;a konu\u015ftu:<\/p>\n<p>&#8220;Dizinin hikayesi i\u00e7erisinde Amerikan-\u0130srail ili\u015fkilerinin gergin oldu\u011funu, T\u00fcrkiye&#8217;nin bunun ma\u011fdur taraflar\u0131ndan biri oldu\u011funu anlatmaya, Amerikan-\u0130srail menfaatlerinin bu sefer uyu\u015fmad\u0131\u011f\u0131n\u0131 ve bu nedenle T\u00fcrkiye&#8217;nin \u00e7at\u0131\u015fma alan\u0131 i\u00e7erisine girdi\u011fini, T\u00fcrkiye&#8217;de baz\u0131 ger\u00e7ekle\u015fen ter\u00f6r olaylar\u0131n\u0131n arkas\u0131nda Amerika ve \u0130srail oldu\u011funu anlatmaya \u00e7al\u0131\u015f\u0131yorduk. Polat Alemdar&#8217;\u0131n en yak\u0131n adamlar\u0131ndan Memati&#8217;nin o\u011flu Ali Memati bu nedenle ka\u00e7\u0131r\u0131ld\u0131. Ve s\u00fcrpriz bir \u015fekilde \u0130srailli ki\u015filer taraf\u0131ndan al\u0131konuldu\u011fu \u00f6\u011frenilince Polat buraya bask\u0131n yaparak \u00e7ocu\u011fu ele ge\u00e7irdi. Sahnenin \u00f6zeti budur.<\/p>\n<p><strong>B\u00f6yle bir tepki yarataca\u011f\u0131n\u0131 bekliyor muydunuz?<\/strong><\/p>\n<p><strong><\/strong>Tabii bekliyorduk, bir tepki yarats\u0131n diye yapmad\u0131k, ama \u0130srail&#8217;in kendi krizlerini iyi y\u00f6netti\u011fini ve bu tip \u015feylere asla kay\u0131ts\u0131z kalmad\u0131\u011f\u0131n\u0131 \u00e7ok iyi biliyorduk. Kurtlar Vadisi Irak filminden sonra \u0130srail&#8217;den ve d\u00fcnyan\u0131n \u00e7e\u015fitli yerlerinden \u00e7e\u015fitli tepkiler y\u00f6nelmi\u015fti. Bunlar\u0131n birincisi Kurtlar Vadisi Irak filminde bir doktorun organ ka\u00e7ak\u00e7\u0131l\u0131\u011f\u0131 yapt\u0131\u011f\u0131 ve bu doktorun Yahudi oldu\u011fu i\u00e7in b\u00f6yle bir \u015fey yapmad\u0131\u011f\u0131yd\u0131. Bunun yalan oldu\u011fu ifade edilmi\u015fti ve \u00e7ok a\u011f\u0131r \u015fekilde su\u00e7lanm\u0131\u015ft\u0131k. 3-4 ay \u00f6nce \u0130srail&#8217;de b\u00fcy\u00fck bir operasyon d\u00fczenlendi ve bu tip olaylar\u0131n ger\u00e7ekle\u015fti\u011fi do\u011fruland\u0131.<\/p>\n<p><strong>\u015eimdi d\u00f6n\u00fcp bakt\u0131\u011f\u0131n\u0131zda biraz dozu fazla ka\u00e7\u0131rm\u0131\u015f\u0131z yoksa az bile yazm\u0131\u015f\u0131z ke\u015fke daha fazla yazsayd\u0131k m\u0131 diyorsunuz?<\/strong><\/p>\n<p>Az bile yapm\u0131\u015f\u0131z ke\u015fke daha fazla yapsayd\u0131k. \u00c7\u00fcnk\u00fc \u0130srail y\u00f6netimi tuhaf bir anlay\u0131\u015fa sahip. Kurtlar Vadisi \u00e7ok seyredilen, \u00f6zellikle Ortado\u011fu&#8217;da \u00e7ok etkin bir dizi. Kurtlar Vadisi&#8217;nin puslu atmosferinde \u0130srailliler yer almak istemiyorlarsa ellerini kanl\u0131 i\u015flerden \u00e7ekmeliler. Dolay\u0131s\u0131yla dizinin konsepti i\u00e7erisinde de\u011fil \u0130srail&#8217;in yapt\u0131klar\u0131n\u0131 anlatmak. Ama, sahneleri g\u00f6r\u00fcnce az bile yapm\u0131\u015f\u0131z diyorum ve diyoruz. Bundan daha fazlas\u0131n\u0131 yapmak i\u00e7in ne yapabiliriz onu kendi aram\u0131zda \u00e7al\u0131\u015f\u0131yoruz. \u00c7\u00fcnk\u00fc Gazze&#8217;de ya\u015fanan bir insal\u0131k dram\u0131d\u0131r ve bunu bir \u015fekilde uluslararas\u0131 kamuoyuna daha \u00e7arp\u0131c\u0131 bir \u015fekilde getirmek i\u00e7in Kurtlar Vadisi Filistin projesi haz\u0131rl\u0131yoruz. Bakal\u0131m o zaman ne tepkiler alaca\u011f\u0131z \u00e7\u00fcnk\u00fc bu 1,5-2 dakikal\u0131k bir sahne ama bu 1,5 saatlik bir film olacak. Anlataca\u011f\u0131m\u0131z konular \u00e7ok \u00e7arp\u0131c\u0131 ve ger\u00e7ekler olacak, bakal\u0131m o zaman ne tepki g\u00f6sterecekler.<\/p>\n<p><strong>Yazd\u0131\u011f\u0131n\u0131z dizide bir metin, uluslararas\u0131 diplomatik bir krize, f\u0131rt\u0131naya neden olabiliyor. Bunun sorumlulu\u011funu hissediyor musunuz?<\/strong><\/p>\n<p>T\u00fcrkiye&#8217;nin b\u00fct\u00fcn meseleleri bizi nas\u0131l ilgilendiriyorsa tabi ki bu da bizi ilgilendiriyor. Ama T\u00fcrkiye art\u0131k kabu\u011fundan \u00e7\u0131kmak durumunda. Burada bir dizi yaz\u0131yoruz, bizim insan\u0131m\u0131z bunu seyrediyor, d\u00fcnyan\u0131n her yerinde 200 milyonu a\u015fk\u0131n insan diziyi T\u00fcrkiye&#8217;dekilerle ayn\u0131 duygularla seyrediyor. 10 sene \u00f6nce bunu kimse hayal edemezdi. Biz \u00fclke olarak g\u00fcc\u00fcm\u00fcz\u00fcn fark\u0131na vard\u0131\u011f\u0131m\u0131z zaman diplomasinin ayaklar\u0131 de\u011fi\u015fecektir. San\u0131yorum daha y\u00fcksek koltukta biz oturuyor olaca\u011f\u0131z.&#8221;<\/p>\n","protected":false},"excerpt":{"rendered":"<p>\u0130srail ile T\u00fcrkiye aras\u0131ndaki gerginli\u011fin oda\u011f\u0131ndaki Kurtlar Vadisi dizisinin yap\u0131mc\u0131s\u0131 Pana Film, misilleme olarak &#8220;Kurtlar Vadisi Filistin&#8221;i \u00e7ekece\u011fini duyurdu.<\/p>\n","protected":false},"author":4,"featured_media":193098,"comment_status":"open","ping_status":"open","sticky":false,"template":"","format":"standard","meta":{"_acf_changed":false,"footnotes":""},"categories":[6155,5005,6202,6670,6805],"tags":[13756,13755,9370,13753,13754],"class_list":["post-13145","post","type-post","status-publish","format-standard","has-post-thumbnail","hentry","category-gundem","category-manset","category-politika","category-sanat","category-turkiye","tag-bahadir-ozdener","tag-can-dundar","tag-kurtlar-vadisi","tag-kurtlar-vadisi-filistin","tag-pana-film"],"acf":[],"_links":{"self":[{"href":"https:\/\/www.nationalturk.com\/tr\/wp-json\/wp\/v2\/posts\/13145","targetHints":{"allow":["GET"]}}],"collection":[{"href":"https:\/\/www.nationalturk.com\/tr\/wp-json\/wp\/v2\/posts"}],"about":[{"href":"https:\/\/www.nationalturk.com\/tr\/wp-json\/wp\/v2\/types\/post"}],"author":[{"embeddable":true,"href":"https:\/\/www.nationalturk.com\/tr\/wp-json\/wp\/v2\/users\/4"}],"replies":[{"embeddable":true,"href":"https:\/\/www.nationalturk.com\/tr\/wp-json\/wp\/v2\/comments?post=13145"}],"version-history":[{"count":0,"href":"https:\/\/www.nationalturk.com\/tr\/wp-json\/wp\/v2\/posts\/13145\/revisions"}],"wp:featuredmedia":[{"embeddable":true,"href":"https:\/\/www.nationalturk.com\/tr\/wp-json\/wp\/v2\/media\/193098"}],"wp:attachment":[{"href":"https:\/\/www.nationalturk.com\/tr\/wp-json\/wp\/v2\/media?parent=13145"}],"wp:term":[{"taxonomy":"category","embeddable":true,"href":"https:\/\/www.nationalturk.com\/tr\/wp-json\/wp\/v2\/categories?post=13145"},{"taxonomy":"post_tag","embeddable":true,"href":"https:\/\/www.nationalturk.com\/tr\/wp-json\/wp\/v2\/tags?post=13145"}],"curies":[{"name":"wp","href":"https:\/\/api.w.org\/{rel}","templated":true}]}}