{"id":131460,"date":"2013-03-06T17:15:15","date_gmt":"2013-03-06T15:15:15","guid":{"rendered":"http:\/\/www.nationalturk.com\/?p=131460"},"modified":"2013-03-06T17:15:15","modified_gmt":"2013-03-06T15:15:15","slug":"oktay-vural-basbakan-erdogan-amerikan-caputu-131460","status":"publish","type":"post","link":"https:\/\/www.nationalturk.com\/tr\/oktay-vural-basbakan-erdogan-amerikan-caputu-131460\/","title":{"rendered":"Oktay Vural: Ba\u015fbakan Erdo\u011fan Amerikan \u00e7aputu!"},"content":{"rendered":"<h1><img loading=\"lazy\" decoding=\"async\" class=\"alignleft size-medium wp-image-131461\" alt=\"OKTAY VURAL&#039;IN BASIN TOPLANTISI\" src=\"http:\/\/www.nationalturk.com\/tr\/wp-content\/uploads\/2013\/03\/oktay_vural_basintoplantisitbmm1-280x186.jpg\" width=\"280\" height=\"186\" title=\"\" srcset=\"https:\/\/www.nationalturk.com\/tr\/wp-content\/uploads\/2013\/03\/oktay_vural_basintoplantisitbmm1-280x186.jpg 280w, https:\/\/www.nationalturk.com\/tr\/wp-content\/uploads\/2013\/03\/oktay_vural_basintoplantisitbmm1-599x400.jpg 599w, https:\/\/www.nationalturk.com\/tr\/wp-content\/uploads\/2013\/03\/oktay_vural_basintoplantisitbmm1.jpg 712w\" sizes=\"auto, (max-width: 280px) 100vw, 280px\" \/>MHP Grup Ba\u015fkanvekili Oktay Vural, Ba\u015fbakan Recep Tayyip Erdo\u011fan&#8217;a Kendini bulunmaz Hint kuma\u015f\u0131 zannediyorsun. Ama biliyoruz ki sen, Amerikan \u00e7aputusun. &#8216;Sifonu \u00e7ekip bir kenara atmay\u0131n&#8217; denilmi\u015f birisisin sen dedi.<\/h1>\n<p>TBMM&#8217;de bir bas\u0131n toplant\u0131s\u0131 d\u00fczenleyen Oktay Vural, Ba\u015fbakan Erdo\u011fan&#8217;\u0131n d\u00fcn grupta yapt\u0131\u011f\u0131 konu\u015fmalar\u0131 ele\u015ftirmeden \u00f6nce &#8220;Bakal\u0131m bu s\u00f6ylediklerimden ne kadar\u0131 yaz\u0131lacak&#8221; diyerek \u015f\u00f6yle devam etti:<\/p>\n<p>&#8220;Demokrasiyi hazmedememi\u015f Ba\u015fbakan ve AKP&#8217;nin bask\u0131lar\u0131 art\u0131rmaya devam etmektedir. Bildi\u011fim tek \u015fey vard\u0131r: susma sustuk\u00e7a s\u0131ra sana gelecektir. Bu millet ve devletin varl\u0131\u011f\u0131 namus ve \u015ferefi \u00fczerine yemin etmi\u015f ve bu u\u011furda da 44 y\u0131ld\u0131r siyaset yapan MHP&#8217;nin bir temsilcisi olarak konu\u015fuyorum. Ama g\u00f6r\u00fcl\u00fcyor ki, bu darbeci zihniyet doymuyor. Kim nas\u0131l bir yay\u0131n yap\u0131yorsa yaps\u0131n, ama unutulmas\u0131n ki biz bu \u00fclkede var\u0131z, bu milletin hakk\u0131n\u0131, hukukunu savunaca\u011f\u0131z. Bug\u00fcn, bu darbeci zihniyetin eli ve dili kimli\u011fimize \u00f6zg\u00fcrl\u00fc\u011f\u00fcm\u00fcze demokrasiye uzanm\u0131\u015ft\u0131r. Bu tehditlere pabu\u00e7 b\u0131rakmay\u0131n. Darbeci zihniyete teslim olmay\u0131n, teslim etmeyelim \u00f6zg\u00fcrl\u00fc\u011f\u00fcm\u00fcz\u00fc.<\/p>\n<p>Ba\u015fbakan\u0131n PKK ile muhabbeti koyula\u015ft\u0131k\u00e7a, milletle sohbeti kesilmi\u015ftir. Ba\u015fbakan, milletin de\u011ferlerine, gaziye, \u015fehide, MHP&#8217;ye sald\u0131rarak PKK muhibbili\u011finin zirvesine ula\u015fm\u0131\u015ft\u0131r. Ba\u015fbakan Erdo\u011fan kendisini Ulu \u00d6nder Mustafa Kemal Atat\u00fcrk&#8217;le ve milli kahramanlarla ayn\u0131 kefeye koyuyor. Sen kimsin, kendini ne zannediyorsun? Akl\u0131n\u0131 ba\u015f\u0131na dev\u015fir, ayaklar\u0131n yerden kesilmi\u015f. Sana birileri ezel ebed diye gaz\u0131, pompay\u0131 veriyor, kendini bulunmaz Hint kuma\u015f\u0131 zannediyorsun. Ama biliyoruz ki sen Amerikan \u00e7aputusun. &#8216;Sifonu \u00e7ekip bir kenara atmay\u0131n&#8217; denilmi\u015f birisisin sen. Kendine tarihten \u00f6rnekler vermeye kalk\u0131\u015facaksan; Damat Ferit&#8217;leri Ali Kemal&#8217;leri \u00f6rnek ver. Mustafa Kemal bir devlet adam\u0131 olarak kendisine bar\u0131\u015f diye dayat\u0131lan Sevr&#8217;i y\u0131rtt\u0131 att\u0131. Seni gidi yeni Sevr&#8217;ci. Sense d\u00fcn denize d\u00f6kt\u00fcklerimizin, d\u00f6rt par\u00e7al\u0131 K\u00fcrdistan&#8217;\u0131 kurmak isteyenlerin kuca\u011f\u0131na oturmu\u015fsun.&#8221;<\/p>\n<p>Ba\u015fbakan Erdo\u011fan&#8217;a &#8220;Sen hangi devletle sava\u015f i\u00e7indesin de bar\u0131\u015f ilan ediyorsun&#8221; diye seslenen Vural, &#8220;Ter\u00f6r \u00f6rg\u00fct\u00fcn\u00fc ne zamandan beri devlet olarak g\u00f6r\u00fcyorsun sen? H\u00fclyas\u0131nda iki devlet var, iki millet var. PKK, K\u00fcrtlerin temsilcisi de\u011fildir, emperyalizmin ma\u015fas\u0131d\u0131r. Bu kafa nas\u0131l bir kafa? Yenilen kim? Ter\u00f6r \u00f6rg\u00fct\u00fc eleba\u015f\u0131n\u0131n taleplerini yerine getirmek i\u00e7in dizinin dibinden ayr\u0131lmayan sensin. Ba\u015fbakan bir de utanmadan milli duru\u015ftan s\u00f6z ediyor. PKK&#8217;ya boyun e\u011fmek milli duru\u015f oldu&#8221; dedi.<\/p>\n<p>Vural \u015f\u00f6yle devam etti:<\/p>\n<p>&#8220;Ba\u015fbakan, &#8216;Bar\u0131\u015f zor, sava\u015f kolayd\u0131r&#8217; diyor. Do\u011frular zor, yalan kolayd\u0131r. M\u00fccadele zor, m\u00fczakere kolayd\u0131r. Dik durmak zor, teslimiyet kolayd\u0131r. Ey Recep Tayyip Erdo\u011fan ahlak\u0131 savunmak rahmani, haks\u0131zl\u0131kta susmak ise \u015feytanidir. Bug\u00fcn bu yap\u0131lan haks\u0131zl\u0131klar kar\u015f\u0131s\u0131nda dut yemi\u015f b\u00fclb\u00fcl gibi susuyorlar. Biz malum medya ile de\u011fil ana muhalefetle de\u011fil milletimizle y\u00fcr\u00fcyoruz diyor. Sen PKK ile \u0130mral\u0131 ile y\u00fcr\u00fcyorsun. Sen MHP ile y\u00fcr\u00fcyebilir misin? Senin t\u0131ynetin buna m\u00fcsaade etmez. Sen ancak bebek katili ile y\u00fcr\u00fcr yol arkada\u015fl\u0131\u011f\u0131 yapars\u0131n, sana da bu yak\u0131\u015f\u0131r. Senin ter\u00f6rle m\u00fccadele edecek y\u00fcre\u011fin yok. Sen oynamak istemeyen bir gelin gibi &#8216;yerim dar&#8217; diyorsun. Yerini geni\u015fletiyoruz &#8220;yenim de dar&#8221; diyorsun. \u00c7\u00fcnk\u00fc senin ter\u00f6rle m\u00fccadele gibi bir niyetin yok, senin siyasi \u00e7\u00f6z\u00fcm aray\u0131\u015f\u0131n var. PKK&#8217;n\u0131n silah\u0131n\u0131 T\u00fcrkiye&#8217;ye \u00e7\u00f6z\u00fcm ad\u0131 alt\u0131nda dayatmak istiyorsun.<\/p>\n<p>Ba\u015fbakanla ter\u00f6rist ba\u015f\u0131 aras\u0131ndaki A\u015fk-\u0131 Memnu tutanaklar\u0131 de\u015fifre edildi. Bu A\u015fk-\u0131 Memnu&#8217;nun gayr\u0131 me\u015fru \u00e7ocu\u011fu, siyasi \u00e7\u00f6z\u00fcmd\u00fcr. PKK insan\u0131m\u0131z\u0131 \u00f6ld\u00fcr\u00fcyor Ba\u015fbakan bizi su\u00e7luyor. Bu kadar insafs\u0131zl\u0131k olur mu? Bug\u00fcn Erdo\u011fan ve AKP tetik\u00e7ilik yap\u0131yor, bizi su\u00e7luyor. Bu milletin birli\u011fini, b\u00fct\u00fcnl\u00fc\u011f\u00fcn\u00fc korumak su\u00e7 oldu. \u015eu kalle\u015fli\u011fe bak\u0131n ya. Bu vicdans\u0131z s\u00f6zlere kar\u015f\u0131 MHP&#8217;ye ve \u00fclk\u00fcc\u00fclere su\u00e7 isnat eden bu zihniyete kar\u015f\u0131 hi\u00e7 mi oynayacak kalem, s\u00f6z getirecek a\u011f\u0131z yok. Bu mektuplar millet i\u00e7in kah\u0131r mektuplar\u0131d\u0131r. Mektuplarda millete ihanet edenlerin cilvele\u015fmeleri vard\u0131r. Konu\u015facak y\u00fcz m\u00fc kald\u0131 sende? Nerenden tutaca\u011f\u0131z? Sabun gibi ele avuca gelmiyorsun.&#8221;<\/p>\n<p>Toplant\u0131n\u0131n ard\u0131ndan sorular\u0131 da cevaplayan Vural, PKK&#8217;n\u0131n elindeki ki\u015fileri b\u0131rakmas\u0131 i\u00e7in BDP&#8217;nin komisyon olu\u015fturma \u00f6nerisini utan\u00e7 verici olarak de\u011ferlendirerek \u015f\u00f6yle konu\u015ftu:<\/p>\n<p>&#8220;BDP&#8217;den tarihi \u00e7a\u011fr\u0131 man\u015fetleri atanlara sesleniyorum. Yeter art\u0131k. Sen kimsin de askerimizi, polisimizi bu i\u011fren\u00e7 m\u00fczakere s\u00fcrecinin kirli pazarl\u0131\u011f\u0131n malzemesi olarak kullanma c\u00fcreti g\u00f6steriyorsun? Bu millete kur\u015fun s\u0131kanlar, \u015fimdi de askerlerimizin serbest b\u0131rak\u0131lmas\u0131n\u0131 siyasi malzeme haline getiriyorlar. Utanmadan s\u0131k\u0131lmadan bir de Meclis&#8217;teki partilere &#8216;Komisyonla gidelim&#8217; deniyor. \u0130mral\u0131, PKK ve KCK&#8217;n\u0131n aklanmas\u0131 i\u00e7in benim kamu g\u00f6revlilerimi kalkan olarak kullan\u0131yorlar. Ka\u00e7\u0131r\u0131lan kamu g\u00f6revlilerini bulup getirmesi gereken devlet yetkilileri olmal\u0131d\u0131r. Bu milletin izzeti nefsiyle \u015feref ve haysiyetiyle oynanan bu teklifler kar\u015f\u0131s\u0131nda bas\u0131n\u0131n da dik durmas\u0131n\u0131 bekliyorum.&#8221;<\/p>\n<!-- Error, Advert is not available at this time due to schedule\/geolocation restrictions! -->\n","protected":false},"excerpt":{"rendered":"<p>MHP Grup Ba\u015fkanvekili Oktay Vural, Ba\u015fbakan Recep Tayyip Erdo\u011fan&#8217;a Kendini bulunmaz Hint kuma\u015f\u0131 zannediyorsun. Ama biliyoruz ki sen, Amerikan \u00e7aputusun. &#8216;Sifonu \u00e7ekip bir kenara atmay\u0131n&#8217; denilmi\u015f birisisin sen dedi.<\/p>\n","protected":false},"author":4,"featured_media":180059,"comment_status":"open","ping_status":"open","sticky":false,"template":"","format":"standard","meta":{"_acf_changed":false,"footnotes":""},"categories":[6155,5005,6202,6805],"tags":[3888,7244,58660,21165,787,6871],"class_list":["post-131460","post","type-post","status-publish","format-standard","has-post-thumbnail","hentry","category-gundem","category-manset","category-politika","category-turkiye","tag-basbakan-erdogan","tag-oktay-vural","tag-oktay-vural-aciklama","tag-oktay-vural-basin-toplantisi","tag-recep-tayyip-erdogan","tag-tbmm"],"acf":[],"_links":{"self":[{"href":"https:\/\/www.nationalturk.com\/tr\/wp-json\/wp\/v2\/posts\/131460","targetHints":{"allow":["GET"]}}],"collection":[{"href":"https:\/\/www.nationalturk.com\/tr\/wp-json\/wp\/v2\/posts"}],"about":[{"href":"https:\/\/www.nationalturk.com\/tr\/wp-json\/wp\/v2\/types\/post"}],"author":[{"embeddable":true,"href":"https:\/\/www.nationalturk.com\/tr\/wp-json\/wp\/v2\/users\/4"}],"replies":[{"embeddable":true,"href":"https:\/\/www.nationalturk.com\/tr\/wp-json\/wp\/v2\/comments?post=131460"}],"version-history":[{"count":0,"href":"https:\/\/www.nationalturk.com\/tr\/wp-json\/wp\/v2\/posts\/131460\/revisions"}],"wp:featuredmedia":[{"embeddable":true,"href":"https:\/\/www.nationalturk.com\/tr\/wp-json\/wp\/v2\/media\/180059"}],"wp:attachment":[{"href":"https:\/\/www.nationalturk.com\/tr\/wp-json\/wp\/v2\/media?parent=131460"}],"wp:term":[{"taxonomy":"category","embeddable":true,"href":"https:\/\/www.nationalturk.com\/tr\/wp-json\/wp\/v2\/categories?post=131460"},{"taxonomy":"post_tag","embeddable":true,"href":"https:\/\/www.nationalturk.com\/tr\/wp-json\/wp\/v2\/tags?post=131460"}],"curies":[{"name":"wp","href":"https:\/\/api.w.org\/{rel}","templated":true}]}}