{"id":131493,"date":"2013-03-07T10:56:55","date_gmt":"2013-03-07T08:56:55","guid":{"rendered":"http:\/\/www.nationalturk.com\/?p=131493"},"modified":"2013-03-07T10:56:55","modified_gmt":"2013-03-07T08:56:55","slug":"muslum-gursesin-eski-albumleri-kapis-kapis-131493","status":"publish","type":"post","link":"https:\/\/www.nationalturk.com\/tr\/muslum-gursesin-eski-albumleri-kapis-kapis-131493\/","title":{"rendered":"M\u00fcsl\u00fcm G\u00fcrses&#8217;in eski alb\u00fcmleri kap\u0131\u015f kap\u0131\u015f!"},"content":{"rendered":"<h1><img loading=\"lazy\" decoding=\"async\" class=\"alignleft size-medium wp-image-131502\" alt=\"M\u00fcsl\u00fcm G\u00fcrses\" src=\"http:\/\/www.nationalturk.com\/tr\/wp-content\/uploads\/2013\/03\/muslum_sigara2-280x196.jpg\" width=\"280\" height=\"196\" title=\"\" srcset=\"https:\/\/www.nationalturk.com\/tr\/wp-content\/uploads\/2013\/03\/muslum_sigara2-280x196.jpg 280w, https:\/\/www.nationalturk.com\/tr\/wp-content\/uploads\/2013\/03\/muslum_sigara2.jpg 494w\" sizes=\"auto, (max-width: 280px) 100vw, 280px\" \/>Ge\u00e7ti\u011fimiz Pazar g\u00fcn\u00fc vefat eden M\u00fcsl\u00fcm G\u00fcrses&#8217;in eski alb\u00fcmleri, \u00f6l\u00fcm\u00fcn\u00fcn ard\u0131ndan adeta yok sat\u0131yor. M\u00fcsl\u00fcm G\u00fcrses, \u00f6ld\u00fckten sonra da m\u00fczik yap\u0131mc\u0131lar\u0131na para kazand\u0131rmaya devam ediyor.<\/h1>\n<p>M\u00fcsl\u00fcm G\u00fcrses, sanat ve m\u00fczik camias\u0131n\u0131n hala en \u00e7ok konu\u015fulan ismi olmaya devam ediyor. Arabesk m\u00fczi\u011fin \u00f6nde gelen temsilcilerinden biri olmas\u0131 nedeniyle hayattayken yapt\u0131\u011f\u0131 alb\u00fcmler milyonlarca ki\u015finin hala g\u00f6zdesi olmay\u0131 s\u00fcrd\u00fcr\u00fcyor. Bu nedenle eski alb\u00fcmler yeniden sevenlerinin ilgi oda\u011f\u0131 oldu.<\/p>\n<p>\u0130stanbul\u2019daki m\u00fczik yap\u0131mc\u0131lar\u0131, G\u00fcrses\u2019in \u00f6l\u00fcm\u00fcnden duyduklar\u0131 \u00fcz\u00fcnt\u00fcy\u00fc dile getirerek sanat\u00e7\u0131n\u0131n ger\u00e7ek anlamda bir efsane oldu\u011funu s\u00f6yledi. G\u00fcrses\u2019in \u00f6l\u00fcm\u00fcn\u00fc, &#8220;B\u00fcy\u00fck bir insan\u0131 kaybettik.\u201d \u015feklinde de\u011ferlendiren yap\u0131mc\u0131lardan Esen Plak Sat\u0131\u015f M\u00fcd\u00fcr\u00fc Yasin Gen\u00e7, sanat\u00e7\u0131n\u0131n \u00f6l\u00fcm\u00fcn\u00fcn ard\u0131ndan eski alb\u00fcmlere olan ilginin artt\u0131\u011f\u0131n\u0131 ve \u00e7e\u015fitli yerlerden yeni alb\u00fcm sipari\u015flerini kar\u015f\u0131lamaya \u00e7al\u0131\u015ft\u0131klar\u0131n\u0131 ifade etti.<\/p>\n<p>Sanat\u00e7\u0131 ile hayattayken tan\u0131\u015fan Serkan Ta\u015f\u00e7\u0131 da, G\u00fcrses\u2019i \u2018efsane\u2019 olarak tan\u0131mlad\u0131. \u201cHastaneye yatmadan \u00f6nce i\u015f dolay\u0131s\u0131yla yan\u0131na gitmi\u015ftim. Onu tan\u0131mak, onunla beraber vakit ge\u00e7irmek \u00e7ok zevkliydi. Evine gitti\u011fimde herkesle ilgilenen m\u00fcthi\u015f bir insand\u0131. Efsaneler hi\u00e7bir zaman \u00f6lmez\u201d diyen Ta\u015f\u00e7\u0131, kimi \u015fark\u0131c\u0131lar\u0131n bir \u015fark\u0131 ile 10 y\u0131l hat\u0131rland\u0131\u011f\u0131n\u0131 ama G\u00fcrses\u2019in 100 y\u0131ldan fazla zamanda haf\u0131zalardan silinmeyece\u011fini kaydetti.<\/p>\n<p>G\u00fcrses ile ilgili en \u00e7arp\u0131c\u0131 tespitlerden birini yapan K\u0131l\u0131\u00e7 M\u00fczik\u2019ten Sedat G\u00f6nder ise, G\u00fcrses\u2019in hayatta oldu\u011fu zaman kadar, \u00f6l\u00fcm\u00fcn\u00fcn ard\u0131ndan da sekt\u00f6re yapt\u0131\u011f\u0131 katk\u0131y\u0131 dile getirdi. G\u00f6nder, \u201c Hemen hemen y\u00fcze yak\u0131n alb\u00fcm \u00e7\u0131kard\u0131. M\u00fcsl\u00fcm G\u00fcrses\u2019in hayranlar\u0131n\u0131n onun ismini \u00f6l\u00fcm\u00fcnden sonra da ya\u015fataca\u011f\u0131n\u0131 d\u00fc\u015f\u00fcn\u00fcyorum. G\u00fcrses, ya\u015farken de bu sekt\u00f6re kazand\u0131rd\u0131, \u00f6l\u00fcm\u00fcnden sonra da kazand\u0131rmaya devam ediyor. Y\u00fcze yak\u0131n alb\u00fcm \u00e7\u0131kard\u0131\u011f\u0131 i\u00e7in bunlar \u00f6l\u00fcm\u00fcnden sonra bir milyon adetin \u00fczerinde, belki daha fazla satm\u0131\u015ft\u0131r. G\u00fcrses\u2019i her kesim dinliyordu, Rock da s\u00f6ylemi\u015fti, pop da s\u00f6ylemi\u015fti. M\u00fcsl\u00fcm G\u00fcrses bir taneydi, \u00fcz\u00fcnt\u00fcm\u00fcz b\u00fcy\u00fck\u201d de\u011ferlendirmesinde bulundu.<\/p>\n<!-- Error, Advert is not available at this time due to schedule\/geolocation restrictions! -->\n","protected":false},"excerpt":{"rendered":"<p>Ge\u00e7ti\u011fimiz Pazar g\u00fcn\u00fc vefat eden M\u00fcsl\u00fcm G\u00fcrses&#8217;in eski alb\u00fcmleri, \u00f6l\u00fcm\u00fcn\u00fcn ard\u0131ndan adeta yok sat\u0131yor. M\u00fcsl\u00fcm G\u00fcrses, \u00f6ld\u00fckten sonra da m\u00fczik yap\u0131mc\u0131lar\u0131na para kazand\u0131rmaya devam ediyor.<\/p>\n","protected":false},"author":4,"featured_media":180051,"comment_status":"open","ping_status":"open","sticky":false,"template":"","format":"standard","meta":{"_acf_changed":false,"footnotes":""},"categories":[6155,6232,5005,36154,6805],"tags":[42236],"class_list":["post-131493","post","type-post","status-publish","format-standard","has-post-thumbnail","hentry","category-gundem","category-magazin","category-manset","category-muzik","category-turkiye","tag-muslum-gurses"],"acf":[],"_links":{"self":[{"href":"https:\/\/www.nationalturk.com\/tr\/wp-json\/wp\/v2\/posts\/131493","targetHints":{"allow":["GET"]}}],"collection":[{"href":"https:\/\/www.nationalturk.com\/tr\/wp-json\/wp\/v2\/posts"}],"about":[{"href":"https:\/\/www.nationalturk.com\/tr\/wp-json\/wp\/v2\/types\/post"}],"author":[{"embeddable":true,"href":"https:\/\/www.nationalturk.com\/tr\/wp-json\/wp\/v2\/users\/4"}],"replies":[{"embeddable":true,"href":"https:\/\/www.nationalturk.com\/tr\/wp-json\/wp\/v2\/comments?post=131493"}],"version-history":[{"count":0,"href":"https:\/\/www.nationalturk.com\/tr\/wp-json\/wp\/v2\/posts\/131493\/revisions"}],"wp:featuredmedia":[{"embeddable":true,"href":"https:\/\/www.nationalturk.com\/tr\/wp-json\/wp\/v2\/media\/180051"}],"wp:attachment":[{"href":"https:\/\/www.nationalturk.com\/tr\/wp-json\/wp\/v2\/media?parent=131493"}],"wp:term":[{"taxonomy":"category","embeddable":true,"href":"https:\/\/www.nationalturk.com\/tr\/wp-json\/wp\/v2\/categories?post=131493"},{"taxonomy":"post_tag","embeddable":true,"href":"https:\/\/www.nationalturk.com\/tr\/wp-json\/wp\/v2\/tags?post=131493"}],"curies":[{"name":"wp","href":"https:\/\/api.w.org\/{rel}","templated":true}]}}