{"id":131616,"date":"2013-03-08T15:31:18","date_gmt":"2013-03-08T13:31:18","guid":{"rendered":"http:\/\/www.nationalturk.com\/?p=131616"},"modified":"2013-03-08T15:31:18","modified_gmt":"2013-03-08T13:31:18","slug":"besar-esad-suriye-savasi-kazanirsa-erdoganin-karizmasi-gidecek-131616","status":"publish","type":"post","link":"https:\/\/www.nationalturk.com\/tr\/besar-esad-suriye-savasi-kazanirsa-erdoganin-karizmasi-gidecek-131616\/","title":{"rendered":"Be\u015far Esad: Suriye sava\u015f\u0131 kazan\u0131rsa Erdo\u011fan&#8217;\u0131n karizmas\u0131 gidecek!"},"content":{"rendered":"<h1><img loading=\"lazy\" decoding=\"async\" class=\"alignleft size-medium wp-image-131617\" alt=\"Be\u015far Esad\" src=\"http:\/\/www.nationalturk.com\/tr\/wp-content\/uploads\/2013\/03\/besar_esad___konusma-280x168.jpg\" width=\"280\" height=\"168\" title=\"\" srcset=\"https:\/\/www.nationalturk.com\/tr\/wp-content\/uploads\/2013\/03\/besar_esad___konusma-280x168.jpg 280w, https:\/\/www.nationalturk.com\/tr\/wp-content\/uploads\/2013\/03\/besar_esad___konusma.jpg 460w\" sizes=\"auto, (max-width: 280px) 100vw, 280px\" \/>Suriye Devlet Ba\u015fkan\u0131 Be\u015far Esad, d\u00fcn sabah g\u00f6r\u00fc\u015ft\u00fc\u011f\u00fc CHP heyetine \u00f6nemli mesajlar verdi. Be\u015far Esad&#8217;\u0131n, &#8216;Suriye halk\u0131 bu sava\u015f\u0131 kazan\u0131rsa Erdo\u011fan ve Katar Emiri kaybedecek, Erdo\u011fan\u2019\u0131n ba\u015fkanl\u0131k hayalleri de karizmas\u0131 da bo\u015fa gidecek&#8217; dedi\u011fi \u00f6\u011frenildi.<\/h1>\n<p>CHP Genel Ba\u015fkan Yard\u0131mc\u0131s\u0131 \u015eafak Pavey, Mersin Milletvekili Aytu\u011f At\u0131c\u0131, Hatay milletvekilleri Hasan Akg\u00f6l ve Mevl\u00fct Dudu\u2019dan olu\u015fan milletvekili heyeti d\u00fcn sabah Suriye Devlet Ba\u015fkan\u0131 Be\u015far Esad ile yakla\u015f\u0131k 2 saat g\u00f6r\u00fc\u015ft\u00fc.<\/p>\n<p>Aytu\u011f At\u0131c\u0131, yapt\u0131\u011f\u0131 a\u00e7\u0131klamada Be\u015far Esad&#8217;\u0131n mesajlar\u0131n\u0131 \u015f\u00f6yle aktard\u0131:<\/p>\n<p>&#8220;\u201cEsad diyor ki; \u2018Suriye\u2019deki ter\u00f6r artt\u0131, T\u00fcrkiye\u2019nin bunda \u00e7ok b\u00fcy\u00fck rol\u00fc var, \u015fu anda 23 uyruktan ter\u00f6rist var, daha \u00f6nce birka\u00e7 grup vard\u0131. Bize en \u00e7ok ter\u00f6rist Libya ve Yemen\u2019den geliyor. T\u00fcrkiye burada bir koordinat\u00f6r \u00fclke durumuna geldi. 2 bin tane Libyal\u0131 ald\u0131lar, \u0130stanbul\u2019da e\u011fittiler, buraya g\u00f6nderdiler\u2019 diyor Esad.<\/p>\n<p>\u2018Katar bize kom\u015fu de\u011fil, Katar \u00fczerinden milyarlarca dolar T\u00fcrkiye\u2019ye yard\u0131m geliyor. Bu para nereye gidiyor? Bunlar bizi \u00e7ok \u00fcz\u00fcyor, h\u00fck\u00fcmet karde\u015fimiz de\u011fil ama halk bizim hala karde\u015fimiz\u2019.<\/p>\n<p>Dedi ki, \u2018\u00c7\u00f6z\u00fcm T\u00fcrkiye\u2019nin silah ve para insan giri\u015flerini kontrol etmesinden ge\u00e7iyor, T\u00fcrkiye s\u0131n\u0131rdan ter\u00f6rist, para girmesin biz bu sorunuzu \u00e7\u00f6zeriz. Ancak bu tren ka\u00e7t\u0131. Suriye halk\u0131 bu sava\u015f\u0131 kazan\u0131rsa iki ki\u015fi kaybedecek, Erdo\u011fan ve Katar Emiri. \u00c7\u00fcnk\u00fc sava\u015f \u00fczerine ikballerini in\u015fa etmi\u015flerdir. Suriye halk\u0131 kazan\u0131rsa Erdo\u011fan\u2019\u0131n ba\u015fkanl\u0131k hayalleri de karizmas\u0131 da bo\u015fa gidecek. Bu sava\u015f\u0131 Erdo\u011fan ve Katar Emiri ki\u015fiselle\u015ftirmekte.<\/p>\n<p>Olay\u0131n ba\u015f\u0131ndaki silahl\u0131 muhalifler \u015fu anda bize d\u00f6nmeye ba\u015flad\u0131. Biz de anayasa de\u011fi\u015fikli\u011fi yapt\u0131k. Siyasi partiler yasas\u0131n\u0131, bas\u0131n yasas\u0131n\u0131 de\u011fi\u015ftirdik. T\u00fcrkiye art\u0131k laik bir \u00fclke de\u011fildir Erdo\u011fan h\u00fck\u00fcmetiyle.<\/p>\n<p>Kuzey Suriye\u2019deki K\u00fcrtler, Kuzey Irak\u2019taki K\u00fcrtler g\u00f6r\u00fc\u015fme halinde. T\u00fcrkiye\u2019deki K\u00fcrtleri de alarak bir devlet kurma \u00e7abas\u0131 i\u00e7erisinde. Erdo\u011fan bunu g\u00f6r\u00fcyor ve kullan\u0131yor. K\u00fcrt devleti kurulabilir.\u201d<\/p>\n<!-- Error, Advert is not available at this time due to schedule\/geolocation restrictions! -->\n","protected":false},"excerpt":{"rendered":"<p>Suriye Devlet Ba\u015fkan\u0131 Be\u015far Esad, d\u00fcn sabah g\u00f6r\u00fc\u015ft\u00fc\u011f\u00fc CHP heyetine \u00f6nemli mesajlar verdi. Be\u015far Esad&#8217;\u0131n, &#8216;Suriye halk\u0131 bu sava\u015f\u0131 kazan\u0131rsa Erdo\u011fan ve Katar Emiri kaybedecek, Erdo\u011fan\u2019\u0131n ba\u015fkanl\u0131k hayalleri de karizmas\u0131 da bo\u015fa gidecek&#8217; dedi\u011fi \u00f6\u011frenildi.<\/p>\n","protected":false},"author":4,"featured_media":180032,"comment_status":"open","ping_status":"open","sticky":false,"template":"","format":"standard","meta":{"_acf_changed":false,"footnotes":""},"categories":[6769,6665,6155,5005,6772,6202],"tags":[118170,3888,31648,125113,125115,74956,806],"class_list":["post-131616","post","type-post","status-publish","format-standard","has-post-thumbnail","hentry","category-asya","category-dunya","category-gundem","category-manset","category-ortadogu","category-politika","tag-aytug-atici","tag-basbakan-erdogan","tag-besar-esad","tag-besar-esad-erdogan","tag-mevlut-dudu","tag-safak-pavey","tag-suriye"],"acf":[],"_links":{"self":[{"href":"https:\/\/www.nationalturk.com\/tr\/wp-json\/wp\/v2\/posts\/131616","targetHints":{"allow":["GET"]}}],"collection":[{"href":"https:\/\/www.nationalturk.com\/tr\/wp-json\/wp\/v2\/posts"}],"about":[{"href":"https:\/\/www.nationalturk.com\/tr\/wp-json\/wp\/v2\/types\/post"}],"author":[{"embeddable":true,"href":"https:\/\/www.nationalturk.com\/tr\/wp-json\/wp\/v2\/users\/4"}],"replies":[{"embeddable":true,"href":"https:\/\/www.nationalturk.com\/tr\/wp-json\/wp\/v2\/comments?post=131616"}],"version-history":[{"count":0,"href":"https:\/\/www.nationalturk.com\/tr\/wp-json\/wp\/v2\/posts\/131616\/revisions"}],"wp:featuredmedia":[{"embeddable":true,"href":"https:\/\/www.nationalturk.com\/tr\/wp-json\/wp\/v2\/media\/180032"}],"wp:attachment":[{"href":"https:\/\/www.nationalturk.com\/tr\/wp-json\/wp\/v2\/media?parent=131616"}],"wp:term":[{"taxonomy":"category","embeddable":true,"href":"https:\/\/www.nationalturk.com\/tr\/wp-json\/wp\/v2\/categories?post=131616"},{"taxonomy":"post_tag","embeddable":true,"href":"https:\/\/www.nationalturk.com\/tr\/wp-json\/wp\/v2\/tags?post=131616"}],"curies":[{"name":"wp","href":"https:\/\/api.w.org\/{rel}","templated":true}]}}