{"id":131740,"date":"2013-03-11T11:19:05","date_gmt":"2013-03-11T09:19:05","guid":{"rendered":"http:\/\/www.nationalturk.com\/?p=131740"},"modified":"2013-03-11T11:20:24","modified_gmt":"2013-03-11T09:20:24","slug":"ergenekon-davasinda-277-durusma-basladi-131740","status":"publish","type":"post","link":"https:\/\/www.nationalturk.com\/tr\/ergenekon-davasinda-277-durusma-basladi-131740\/","title":{"rendered":"Ergenekon davas\u0131nda 277. duru\u015fma ba\u015flad\u0131"},"content":{"rendered":"<h1><img loading=\"lazy\" decoding=\"async\" class=\"alignleft size-medium wp-image-131742\" alt=\"Silivri\" src=\"http:\/\/www.nationalturk.com\/tr\/wp-content\/uploads\/2013\/03\/silivri_durusma_salonu___-280x164.jpg\" width=\"280\" height=\"164\" title=\"\" srcset=\"https:\/\/www.nationalturk.com\/tr\/wp-content\/uploads\/2013\/03\/silivri_durusma_salonu___-280x164.jpg 280w, https:\/\/www.nationalturk.com\/tr\/wp-content\/uploads\/2013\/03\/silivri_durusma_salonu___-610x358.jpg 610w, https:\/\/www.nationalturk.com\/tr\/wp-content\/uploads\/2013\/03\/silivri_durusma_salonu___.jpg 712w\" sizes=\"auto, (max-width: 280px) 100vw, 280px\" \/>\u0130lker Ba\u015fbu\u011f, Mustafa Balbay, Mehmet Haberal ve Veli K\u00fc\u00e7\u00fck&#8217;\u00fcn de aralar\u0131nda bulundu\u011fu 67&#8217;si tutuklu 275 san\u0131kl\u0131 &#8216;Ergenekon&#8217; davas\u0131n\u0131n 277. duru\u015fmas\u0131 ba\u015flad\u0131.<\/h1>\n<p>\u0130stanbul 13. A\u011f\u0131r Ceza Mahkemesi&#8217;nce, Silivri Ceza \u0130nfaz Kurumlar\u0131 Yerle\u015fkesi&#8217;nde olu\u015fturulan k\u00fc\u00e7\u00fck salonda g\u00f6r\u00fclen duru\u015fmaya, CHP \u0130zmir Milletvekili Mustafa Balbay, CHP Zonguldak Milletvekili Prof. Dr. Mehmet Haberal, gazeteci Tuncay \u00d6zkan ve emekli orgeneraller Hur\u015fit Tolon ve Hasan I\u011fs\u0131z&#8217;\u0131n da aralar\u0131nda bulundu\u011fu 47 tutuklu san\u0131k kat\u0131ld\u0131.<br \/>\nEski Genelkurmay Ba\u015fkan\u0131 emekli Orgeneral \u0130lker Ba\u015fbu\u011f, Ankara GATA&#8217;da tedavi g\u00f6ren Y\u00fcksek Askeri \u015eura (YA\u015e) \u00fcyesi Orgeneral Nusret Ta\u015fdeler, emekli tu\u011fgeneraller Veli K\u00fc\u00e7\u00fck ve Levent Ers\u00f6z ile \u0130\u015f\u00e7i Partisi Genel Ba\u015fkan\u0131 Do\u011fu Perin\u00e7ek&#8217;in de aralar\u0131nda bulundu\u011fu 20 tutuklu san\u0131k ise duru\u015fmaya gelmedi.<\/p>\n<p>Bu davadan tutuksuz yarg\u0131lanan &#8221;Odatv&#8221; davas\u0131n\u0131n tutuklu san\u0131\u011f\u0131 Yal\u00e7\u0131n K\u00fc\u00e7\u00fck&#8217;\u00fcn de aralar\u0131nda bulundu\u011fu 10 tutuksuz san\u0131k da duru\u015fmada haz\u0131r bulundu.<\/p>\n<p>Duru\u015fma ba\u015flamadan \u00f6nce bir a\u00e7\u0131klama yapan Mahkeme Heyeti Ba\u015fkan\u0131 Hasan H\u00fcseyin \u00d6zese, bug\u00fcnk\u00fc oturumda delillerle ilgili taraflar\u0131n beyanlar\u0131n\u0131n al\u0131naca\u011f\u0131n\u0131 s\u00f6yledi.<\/p>\n<p>Bu s\u0131rada araya giren Veli K\u00fc\u00e7\u00fck&#8217;\u00fcn k\u0131z\u0131 olan avukat Zeynep K\u00fc\u00e7\u00fck, duru\u015fman\u0131n k\u00fc\u00e7\u00fck salonda yap\u0131lmas\u0131 nedeniyle yer konusunda sorun ya\u015fand\u0131\u011f\u0131n\u0131 belirterek, &#8221;Fiili ko\u015fullar\u0131m\u0131z korkun\u00e7. Avukatlar bu tarafa ge\u00e7emiyor&#8221; dedi.<\/p>\n<p>Ba\u015fkan \u00d6zese de, b\u00fcy\u00fck salonda &#8221;KCK&#8221; davas\u0131n\u0131n yap\u0131ld\u0131\u011f\u0131n\u0131 an\u0131msatarak, san\u0131k avukatlar\u0131n bir k\u0131s\u0131m\u0131n\u0131 salondaki m\u00fcdahil avukatlar i\u00e7in ayr\u0131lan b\u00f6l\u00fcme ald\u0131rd\u0131.<\/p>\n<p>Avukatlar\u0131n yoklamas\u0131 s\u0131ras\u0131nda s\u00f6z alan tutuklu san\u0131k Durmu\u015f Ali \u00d6zo\u011flu&#8217;nun avukat\u0131 Ali R\u0131za Dizdar da, m\u00fcvekkilinin duru\u015fmalardan yasakl\u0131 olmas\u0131 nedeniyle davaya kat\u0131lamad\u0131\u011f\u0131 i\u00e7in beyanda bulunamayaca\u011f\u0131n\u0131 s\u00f6yledi.<br \/>\nDizdar&#8217;a s\u00f6z vermeyen Ba\u015fkan \u00d6zese, talebini yaz\u0131l\u0131 bildirmesini istedi. Dizdar&#8217;\u0131n konu\u015fmaya devam etmesi \u00fczerine, \u00f6nce uyaran \u00d6zese, ard\u0131ndan da Dizdar&#8217;\u0131n mikrofonunu kapatt\u0131rd\u0131.<\/p>\n<p>Duru\u015fmada daha sonra Ba\u015fkan \u00d6zese, dosyaya gelen evraklar\u0131 okudu.<\/p>\n<p>S\u00f6z alan Haberal ve Tolon&#8217;un avukat\u0131 Dilek Helvac\u0131 da, eski Ba\u015fbakanl\u0131k m\u00fcste\u015farlar\u0131ndan Ya\u015far Yaz\u0131c\u0131o\u011flu&#8217;nu tan\u0131k olarak dinlenilmek \u00fczere haz\u0131r ettiklerini belirterek, Yaz\u0131c\u0131o\u011flu&#8217;nun tan\u0131k olarak beyan\u0131n\u0131n al\u0131nmas\u0131n\u0131 istedi.<br \/>\nHelvac\u0131, daha \u00f6nceki celselerde Gizli Tan\u0131k 17&#8217;nin kat\u0131lmad\u0131klar\u0131 bir duru\u015fmada dinlenildi\u011fini ifade ederek, gizli tan\u0131\u011f\u0131n yeniden dinlenilmesini talep etti.<\/p>\n<p>Avukatlar\u0131n beyanlar\u0131n\u0131n al\u0131nd\u0131\u011f\u0131 duru\u015fmada reddi hakim talebinde bulunuldu.\u00a0Mahkeme heyeti, bu talebi de\u011ferlendirmek \u00fczere duru\u015fmaya ara verdi.<\/p>\n<p>K\u00fc\u00e7\u00fck olmas\u0131 nedeniyle salondaki izleyicilere ayr\u0131lan b\u00f6l\u00fcme sadece san\u0131k yak\u0131nlar\u0131, avukatlar, milletvekilleri ve bas\u0131n mensuplar\u0131 al\u0131n\u0131rken, salonun d\u0131\u015f\u0131nda bulunan ve ekran konulan alanda da bir k\u0131s\u0131m izleyiciler duru\u015fmay\u0131 takip ediyor.<\/p>\n<p>Duru\u015fmaya, 18 \u015eubat&#8217;ta g\u00f6r\u00fclen davada cezaevinin giri\u015fine konulan barikattan atlayarak aya\u011f\u0131n\u0131 k\u0131ran CHP Milletvekili Mahmur Tanal da, koltuk de\u011fnekleriyle geldi. Yine CHP&#8217;li milletvekilleri Ali \u0130hsan K\u00f6kt\u00fcrk ile Ali \u00d6zg\u00fcnd\u00fcz de duru\u015fmay\u0131 izliyor.<\/p>\n<!-- Error, Advert is not available at this time due to schedule\/geolocation restrictions! -->\n","protected":false},"excerpt":{"rendered":"<p>\u0130lker Ba\u015fbu\u011f, Mustafa Balbay, Mehmet Haberal ve Veli K\u00fc\u00e7\u00fck&#8217;\u00fcn de aralar\u0131nda bulundu\u011fu 67&#8217;si tutuklu 275 san\u0131kl\u0131 &#8216;Ergenekon&#8217; davas\u0131n\u0131n 277. duru\u015fmas\u0131 ba\u015flad\u0131.<\/p>\n","protected":false},"author":4,"featured_media":180015,"comment_status":"open","ping_status":"open","sticky":false,"template":"","format":"standard","meta":{"_acf_changed":false,"footnotes":""},"categories":[6155,5005,6202,349,6805],"tags":[8071,9546,9545,7577,25470,18637,12953,12479],"class_list":["post-131740","post","type-post","status-publish","format-standard","has-post-thumbnail","hentry","category-gundem","category-manset","category-politika","category-son-dakika","category-turkiye","tag-ergenekon","tag-ergenekon-davasi","tag-ergenekon-durusmasi","tag-ilker-basbug","tag-mehmet-haberal","tag-mustafa-balbay","tag-silivri","tag-veli-kucuk"],"acf":[],"_links":{"self":[{"href":"https:\/\/www.nationalturk.com\/tr\/wp-json\/wp\/v2\/posts\/131740","targetHints":{"allow":["GET"]}}],"collection":[{"href":"https:\/\/www.nationalturk.com\/tr\/wp-json\/wp\/v2\/posts"}],"about":[{"href":"https:\/\/www.nationalturk.com\/tr\/wp-json\/wp\/v2\/types\/post"}],"author":[{"embeddable":true,"href":"https:\/\/www.nationalturk.com\/tr\/wp-json\/wp\/v2\/users\/4"}],"replies":[{"embeddable":true,"href":"https:\/\/www.nationalturk.com\/tr\/wp-json\/wp\/v2\/comments?post=131740"}],"version-history":[{"count":0,"href":"https:\/\/www.nationalturk.com\/tr\/wp-json\/wp\/v2\/posts\/131740\/revisions"}],"wp:featuredmedia":[{"embeddable":true,"href":"https:\/\/www.nationalturk.com\/tr\/wp-json\/wp\/v2\/media\/180015"}],"wp:attachment":[{"href":"https:\/\/www.nationalturk.com\/tr\/wp-json\/wp\/v2\/media?parent=131740"}],"wp:term":[{"taxonomy":"category","embeddable":true,"href":"https:\/\/www.nationalturk.com\/tr\/wp-json\/wp\/v2\/categories?post=131740"},{"taxonomy":"post_tag","embeddable":true,"href":"https:\/\/www.nationalturk.com\/tr\/wp-json\/wp\/v2\/tags?post=131740"}],"curies":[{"name":"wp","href":"https:\/\/api.w.org\/{rel}","templated":true}]}}