{"id":131925,"date":"2013-03-12T18:18:16","date_gmt":"2013-03-12T16:18:16","guid":{"rendered":"http:\/\/www.nationalturk.com\/?p=131925"},"modified":"2013-03-12T18:19:57","modified_gmt":"2013-03-12T16:19:57","slug":"putin-sarkisyanla-gorustu-131925","status":"publish","type":"post","link":"https:\/\/www.nationalturk.com\/tr\/putin-sarkisyanla-gorustu-131925\/","title":{"rendered":"Putin Sarkisyan&#8217;la g\u00f6r\u00fc\u015ft\u00fc"},"content":{"rendered":"<h1><img loading=\"lazy\" decoding=\"async\" class=\"alignleft size-medium wp-image-131926\" alt=\"Vladimir Putin\" src=\"http:\/\/www.nationalturk.com\/tr\/wp-content\/uploads\/2013\/03\/putin___toplanti-280x204.jpg\" width=\"280\" height=\"204\" title=\"\" srcset=\"https:\/\/www.nationalturk.com\/tr\/wp-content\/uploads\/2013\/03\/putin___toplanti-280x204.jpg 280w, https:\/\/www.nationalturk.com\/tr\/wp-content\/uploads\/2013\/03\/putin___toplanti.jpg 500w\" sizes=\"auto, (max-width: 280px) 100vw, 280px\" \/>Rusya Devlet Ba\u015fkan\u0131 Vladimir Putin, Ermenistan Cumhurba\u015fkan\u0131 Serj Sarkisyan\u2019la g\u00f6r\u00fc\u015ft\u00fc. G\u00f6r\u00fc\u015fmede Yukar\u0131 Karaba\u011f krizinin de ele al\u0131nd\u0131\u011f\u0131 \u00f6\u011frenildi.<\/h1>\n<p>G\u00f6r\u00fc\u015fme \u00f6ncesi a\u00e7\u0131klamalarda bulunan Vladimir Putin, Rusya&#8217;n\u0131n Ermenistan&#8217;daki yat\u0131r\u0131mlar\u0131n\u0131n y\u00fczde 20 artt\u0131\u011f\u0131n\u0131 belirterek &#8220;Toplam rakam 3 milyar dolar\u0131 buldu. Moskova ve Erivan \u00f6zel ili\u015fkilere sahip.\u00a0D\u00fcnya ekonomisinde ya\u015fanan sorunlara ra\u011fmen, yat\u0131r\u0131m programlar\u0131m\u0131z ba\u015far\u0131l\u0131 bir \u015fekilde devam ediyor&#8221; dedi.<\/p>\n<p>Sarkisyan\u2019\u0131 yeniden se\u00e7ilmesi vesilesi ile kutlayan Putin, &#8220;Y\u00fczde 60\u2019\u0131n \u00fczerinde destek ald\u0131n\u0131z. Bu Ermenistan halk\u0131n\u0131n size olan g\u00fcveninin i\u015fareti&#8221; ifadelerini kulland\u0131.<\/p>\n<p>\u0130ki lider Rusya-Ermenistan ili\u015fkilerinin ileri ta\u015f\u0131nmas\u0131n\u0131n yan\u0131 s\u0131ra, BDT yap\u0131s\u0131 i\u00e7inde i\u015fbirli\u011finin derinle\u015ftirilmesi, b\u00f6lgesel sorunlar ve Yukar\u0131 Karaba\u011f krizini ele ald\u0131.<\/p>\n<p>Vladimir Putin&#8217;i Erivan&#8217;a davet eden Sarkisyan ise, Rusya&#8217;n\u0131n Ermenistan&#8217;\u0131n en \u00f6nemli stratejik m\u00fcttefiki oldu\u011funu ve bu y\u00fczden ilk ziyaretini Moskova&#8217;ya yapt\u0131\u011f\u0131n\u0131 belirtti.<\/p>\n<p>Rusya&#8217;n\u0131n askeri alandaki yard\u0131mlar\u0131 i\u00e7in Putin&#8217;e te\u015fekk\u00fcrlerini ileten Sarkisyan, &#8220;Biz, politik, ekonomik, askeri ve insani alanlarda \u00f6nemli sonu\u00e7lar elde ettik. Rusya&#8217;n\u0131n bundan sonra da bize yard\u0131mc\u0131 ve destek olaca\u011f\u0131n\u0131 \u00fcmit ediyoruz&#8221; dedi.<\/p>\n<!-- Error, Advert is not available at this time due to schedule\/geolocation restrictions! -->\n","protected":false},"excerpt":{"rendered":"<p>Rusya Devlet Ba\u015fkan\u0131 Vladimir Putin, Ermenistan Cumhurba\u015fkan\u0131 Serj Sarkisyan\u2019la g\u00f6r\u00fc\u015ft\u00fc. G\u00f6r\u00fc\u015fmede Yukar\u0131 Karaba\u011f krizinin de ele al\u0131nd\u0131\u011f\u0131 \u00f6\u011frenildi.<\/p>\n","protected":false},"author":4,"featured_media":179985,"comment_status":"open","ping_status":"open","sticky":false,"template":"","format":"standard","meta":{"_acf_changed":false,"footnotes":""},"categories":[6770,6665,6155,6202],"tags":[3506,54656,721,27107,1530],"class_list":["post-131925","post","type-post","status-publish","format-standard","has-post-thumbnail","hentry","category-avrupa","category-dunya","category-gundem","category-politika","tag-ermenistan","tag-putin-sarkisyan","tag-rusya","tag-sarkisyan","tag-vladimir-putin"],"acf":[],"_links":{"self":[{"href":"https:\/\/www.nationalturk.com\/tr\/wp-json\/wp\/v2\/posts\/131925","targetHints":{"allow":["GET"]}}],"collection":[{"href":"https:\/\/www.nationalturk.com\/tr\/wp-json\/wp\/v2\/posts"}],"about":[{"href":"https:\/\/www.nationalturk.com\/tr\/wp-json\/wp\/v2\/types\/post"}],"author":[{"embeddable":true,"href":"https:\/\/www.nationalturk.com\/tr\/wp-json\/wp\/v2\/users\/4"}],"replies":[{"embeddable":true,"href":"https:\/\/www.nationalturk.com\/tr\/wp-json\/wp\/v2\/comments?post=131925"}],"version-history":[{"count":0,"href":"https:\/\/www.nationalturk.com\/tr\/wp-json\/wp\/v2\/posts\/131925\/revisions"}],"wp:featuredmedia":[{"embeddable":true,"href":"https:\/\/www.nationalturk.com\/tr\/wp-json\/wp\/v2\/media\/179985"}],"wp:attachment":[{"href":"https:\/\/www.nationalturk.com\/tr\/wp-json\/wp\/v2\/media?parent=131925"}],"wp:term":[{"taxonomy":"category","embeddable":true,"href":"https:\/\/www.nationalturk.com\/tr\/wp-json\/wp\/v2\/categories?post=131925"},{"taxonomy":"post_tag","embeddable":true,"href":"https:\/\/www.nationalturk.com\/tr\/wp-json\/wp\/v2\/tags?post=131925"}],"curies":[{"name":"wp","href":"https:\/\/api.w.org\/{rel}","templated":true}]}}