{"id":131965,"date":"2013-03-13T11:33:05","date_gmt":"2013-03-13T09:33:05","guid":{"rendered":"http:\/\/www.nationalturk.com\/?p=131965"},"modified":"2013-03-13T11:33:05","modified_gmt":"2013-03-13T09:33:05","slug":"kacirilan-kamu-gorevlileri-heyete-teslim-edildi-son-dakika-131965","status":"publish","type":"post","link":"https:\/\/www.nationalturk.com\/tr\/kacirilan-kamu-gorevlileri-heyete-teslim-edildi-son-dakika-131965\/","title":{"rendered":"Ka\u00e7\u0131r\u0131lan kamu g\u00f6revlileri heyete teslim edildi \/ Son Dakika"},"content":{"rendered":"<h1><img loading=\"lazy\" decoding=\"async\" class=\"alignnone size-large wp-image-131967\" alt=\"KACIRILAN KAMU GOREVLILERI\" src=\"http:\/\/www.nationalturk.com\/tr\/wp-content\/uploads\/2013\/03\/habur_sinir_kapisi_askerler-610x379.jpg\" width=\"610\" height=\"379\" title=\"\" srcset=\"https:\/\/www.nationalturk.com\/tr\/wp-content\/uploads\/2013\/03\/habur_sinir_kapisi_askerler-610x379.jpg 610w, https:\/\/www.nationalturk.com\/tr\/wp-content\/uploads\/2013\/03\/habur_sinir_kapisi_askerler-280x174.jpg 280w, https:\/\/www.nationalturk.com\/tr\/wp-content\/uploads\/2013\/03\/habur_sinir_kapisi_askerler.jpg 712w\" sizes=\"auto, (max-width: 610px) 100vw, 610px\" \/><\/h1>\n<h1>PKK taraf\u0131ndan ka\u00e7\u0131r\u0131lan kamu g\u00f6revlileri heyete teslim edildi. Kamu g\u00f6revlileri Zaho&#8217;da aileleri ile g\u00f6r\u00fc\u015ft\u00fckten sonra Habur S\u0131n\u0131r Kap\u0131s\u0131&#8217;ndan T\u00fcrkiye&#8217;ye giri\u015f yapacak. \/ Son Dakika&#8230;<\/h1>\n<p>Ka\u00e7\u0131r\u0131lan kamu g\u00f6revlileri ve onlar\u0131 teslim alacak heyetin ge\u00e7i\u015f yapmas\u0131 beklenen Habur S\u0131n\u0131r Kap\u0131s\u0131&#8217;nda haz\u0131rl\u0131klar s\u00fcr\u00fcyor. \u00a0De\u011fi\u015fik tarihlerde Diyarbak\u0131r, Van, Mu\u015f, Bing\u00f6l ve \u015e\u0131rnak&#8217;ta ter\u00f6r \u00f6rg\u00fct\u00fc PKK taraf\u0131ndan ka\u00e7\u0131r\u0131lan 8 kamu g\u00f6revlisini almak \u00fczere Irak&#8217;\u0131n kuzeyinde bulunan heyetin ge\u00e7i\u015f yapaca\u011f\u0131 Habur G\u00fcmr\u00fck Sahas\u0131&#8217;na, \u00e7evik kuvvet ve \u00f6zel harekat personeli ta\u015f\u0131yan minib\u00fcsler ile 9 akrep ve 3 TOMA arac\u0131 giri\u015f yapt\u0131.<\/p>\n<p>Sabah\u0131n erken saatlerinde de 2 askeri helikopterin Hac Konaklama Tesisleri&#8217;ne indi\u011fi g\u00f6zlendi. G\u00fcvenlik g\u00fc\u00e7lerinin g\u00fcmr\u00fck sahas\u0131 \u00e7evresine konu\u015fland\u0131r\u0131ld\u0131\u011f\u0131 g\u00f6r\u00fcld\u00fc.<\/p>\n<p>Habur&#8217;daki \u00e7al\u0131\u015fmalar\u0131 organize eden M\u00fcste\u015far Yard\u0131mc\u0131s\u0131 Ahmet Hamdi Nay\u0131r, \u015e\u0131rnak Vali Vekili Deniz Zeyrek ile Habur M\u00fclki \u0130dare Amiri Turgay \u0130lhan&#8217;\u0131n Habur \u0130dare binas\u0131nda toplant\u0131 halinde olduklar\u0131 \u00f6\u011frenildi.<\/p>\n<p>Bu arada, d\u00fcnden bu yana Silopi&#8217;de misafir edilen ka\u00e7\u0131r\u0131lan 8 kamu g\u00f6revlisinin aileleri, il\u00e7ede tutulmaya devam ediliyor. Ailelerin, g\u00fcn i\u00e7erisinde Habur S\u0131n\u0131r Kap\u0131s\u0131&#8217;na getirilmesi bekleniyor.<\/p>\n<p>\u00d6te yandan iki g\u00fcnden bu yana b\u00f6lgede g\u00f6rev yapan \u00e7ok say\u0131da bas\u0131n kurulu\u015fu da haz\u0131rl\u0131klar\u0131n\u0131 s\u00fcrd\u00fcr\u00fcyor. Bas\u0131n mensuplar\u0131, s\u0131n\u0131r kap\u0131s\u0131 giri\u015fine kurduklar\u0131 canl\u0131 yay\u0131n ara\u00e7lar\u0131yla geli\u015fmeleri izleyicileriyle payla\u015f\u0131yor.<\/p>\n<!-- Error, Advert is not available at this time due to schedule\/geolocation restrictions! -->\n","protected":false},"excerpt":{"rendered":"<p>PKK taraf\u0131ndan ka\u00e7\u0131r\u0131lan kamu g\u00f6revlileri heyete teslim edildi. Kamu g\u00f6revlileri Zaho&#8217;da aileleri ile g\u00f6r\u00fc\u015ft\u00fckten sonra Habur S\u0131n\u0131r Kap\u0131s\u0131&#8217;ndan T\u00fcrkiye&#8217;ye giri\u015f yapacak. \/ Son Dakika&#8230;<\/p>\n","protected":false},"author":4,"featured_media":179980,"comment_status":"open","ping_status":"open","sticky":false,"template":"","format":"standard","meta":{"_acf_changed":false,"footnotes":""},"categories":[6155,5005,6202,349,6805],"tags":[11018,11019,125255,125259,125260,5592,125261,9460],"class_list":["post-131965","post","type-post","status-publish","format-standard","has-post-thumbnail","hentry","category-gundem","category-manset","category-politika","category-son-dakika","category-turkiye","tag-habur","tag-habur-sinir-kapisi","tag-habur-sovu","tag-kacirilan-kamu-calisanlari","tag-kacirilan-kamu-gorevlileri","tag-pkk","tag-pkknin-kacirdigi-kamu-calisanlari","tag-tsk"],"acf":[],"_links":{"self":[{"href":"https:\/\/www.nationalturk.com\/tr\/wp-json\/wp\/v2\/posts\/131965","targetHints":{"allow":["GET"]}}],"collection":[{"href":"https:\/\/www.nationalturk.com\/tr\/wp-json\/wp\/v2\/posts"}],"about":[{"href":"https:\/\/www.nationalturk.com\/tr\/wp-json\/wp\/v2\/types\/post"}],"author":[{"embeddable":true,"href":"https:\/\/www.nationalturk.com\/tr\/wp-json\/wp\/v2\/users\/4"}],"replies":[{"embeddable":true,"href":"https:\/\/www.nationalturk.com\/tr\/wp-json\/wp\/v2\/comments?post=131965"}],"version-history":[{"count":0,"href":"https:\/\/www.nationalturk.com\/tr\/wp-json\/wp\/v2\/posts\/131965\/revisions"}],"wp:featuredmedia":[{"embeddable":true,"href":"https:\/\/www.nationalturk.com\/tr\/wp-json\/wp\/v2\/media\/179980"}],"wp:attachment":[{"href":"https:\/\/www.nationalturk.com\/tr\/wp-json\/wp\/v2\/media?parent=131965"}],"wp:term":[{"taxonomy":"category","embeddable":true,"href":"https:\/\/www.nationalturk.com\/tr\/wp-json\/wp\/v2\/categories?post=131965"},{"taxonomy":"post_tag","embeddable":true,"href":"https:\/\/www.nationalturk.com\/tr\/wp-json\/wp\/v2\/tags?post=131965"}],"curies":[{"name":"wp","href":"https:\/\/api.w.org\/{rel}","templated":true}]}}