{"id":132098,"date":"2013-03-15T13:18:16","date_gmt":"2013-03-15T11:18:16","guid":{"rendered":"http:\/\/www.nationalturk.com\/?p=132098"},"modified":"2013-03-15T18:54:46","modified_gmt":"2013-03-15T16:54:46","slug":"uefa-sampiyonlar-ligi-kura-cekimi-galatasarayin-ceyrek-finaldeki-rakibi-rakibi-real-madrid-son-dakika-haberleri-132098","status":"publish","type":"post","link":"https:\/\/www.nationalturk.com\/tr\/uefa-sampiyonlar-ligi-kura-cekimi-galatasarayin-ceyrek-finaldeki-rakibi-rakibi-real-madrid-son-dakika-haberleri-132098\/","title":{"rendered":"UEFA \u015eampiyonlar Ligi Kura \u00c7ekimi: Galatasaray&#8217;\u0131n \u00e7eyrek finaldeki rakibi Rakibi Real Madrid \/ Son Dakika Haberleri"},"content":{"rendered":"<h1><\/h1>\n<h1><a href=\"http:\/\/www.nationalturk.com\/tr\/wp-content\/uploads\/2013\/03\/\u015fampiyonlar-ligi-kura-\u00e7ekimi.jpg\"><img loading=\"lazy\" decoding=\"async\" class=\"alignnone size-full wp-image-132173\" alt=\"\u015fampiyonlar-ligi kura \u00e7ekimi\" src=\"http:\/\/www.nationalturk.com\/tr\/wp-content\/uploads\/2013\/03\/\u015fampiyonlar-ligi-kura-\u00e7ekimi.jpg\" width=\"610\" height=\"343\" title=\"\" srcset=\"https:\/\/www.nationalturk.com\/tr\/wp-content\/uploads\/2013\/03\/\u015fampiyonlar-ligi-kura-\u00e7ekimi.jpg 610w, https:\/\/www.nationalturk.com\/tr\/wp-content\/uploads\/2013\/03\/\u015fampiyonlar-ligi-kura-\u00e7ekimi-280x157.jpg 280w\" sizes=\"auto, (max-width: 610px) 100vw, 610px\" \/><\/a><\/h1>\n<h1>UEFA \u015eampiyonlar Ligi \u00e7eyrek finalindeki rakibi \u0130spanyo Devi Real Madrid \u00a0tak\u0131m\u0131 oldu Sar\u0131 K\u0131rm\u0131z\u0131l\u0131lar ilk ma\u00e7\u0131 Madrid&#8217;te oynayacak.<\/h1>\n<p>Avrupa Futbol Federasyonlar\u0131 Birli\u011fi&#8217;nin (UEFA) \u0130svi\u00e7re&#8217;nin Nyon kentindeki merkezinde TS\u0130 13.00&#8217;de ba\u015flayan kura \u00e7ekiminde UEFA \u015eampiyonlar Ligi e\u015fle\u015fmeleri belirlendi.<\/p>\n<p>T\u00fcrkiye&#8217;yi UEFA \u015eampiyonlar Ligi&#8217;nde temsil eden Galatasaray&#8217;\u0131n kura \u00e7ekimindeki rakibi \u0130spanyol devi Real Madrid oldu. \u0130lk ma\u00e7 \u0130spanya&#8217;da 3 Nisan 2013 \u00c7ar\u015famba g\u00fcn\u00fc, r\u00f6van\u015f ise 9 Nisan Sal\u0131 ak\u015fam\u0131 TT Arena&#8217;da oynanacak.<\/p>\n<p>Galatasaray&#8217;\u0131n di\u011fer muhtemel rakipleri; Borussia Dortmund (Almanya), Paris Saint-Germain (Fransa), Juventus (\u0130talya), Barcelona (\u0130spanya), Malaga (\u0130spanya) ve Bayern M\u00fcnih (Almanya) idi.<\/p>\n<p>\u00c7eyrek Final Ma\u00e7lar\u0131n\u0131n ilk aya\u011f\u0131 2\/3 Nisan ikinci aya\u011f\u0131 ise 9\/10 Nisan tarihlerinde oynanacak.<\/p>\n<h2>\u00a0UEFA \u015eampiyonlar Ligi Di\u011fer E\u015fle\u015fmeler<\/h2>\n<p>Malaga &#8211; Borussia Dortmund<\/p>\n<p>Real Madrid &#8211; Galatasaray<\/p>\n<p>PSG &#8211; Barcelona<\/p>\n<p>Bayern Munih &#8211; Juventus<\/p>\n<!-- Error, Advert is not available at this time due to schedule\/geolocation restrictions! -->\n","protected":false},"excerpt":{"rendered":"<p>UEFA \u015eampiyonlar Ligi \u00e7eyrek finalindeki rakibi \u0130spanyo Devi Real Madrid  tak\u0131m\u0131 oldu Sar\u0131 K\u0131rm\u0131z\u0131l\u0131lar ilk ma\u00e7\u0131 Madrid&#8217;te oynayacak.<\/p>\n","protected":false},"author":761,"featured_media":132173,"comment_status":"open","ping_status":"open","sticky":false,"template":"","format":"standard","meta":{"_acf_changed":false,"footnotes":""},"categories":[6770,6665,6774,6155,5005,349,6194,6805],"tags":[1038,10140,46019,4114,11072,79095,100999,3327,3331,6341,2615,79094,65018,27382,847],"class_list":["post-132098","post","type-post","status-publish","format-standard","has-post-thumbnail","hentry","category-avrupa","category-dunya","category-futbol","category-gundem","category-manset","category-son-dakika","category-spor","category-turkiye","tag-barcelona","tag-bayern-munih","tag-borussia-dortmund","tag-galatasaray","tag-galatasaray-barcelona","tag-galatasaray-real-madrid","tag-galatasaray-sampiyonlar-ligi","tag-juventus","tag-malaga","tag-paris-saint-germain","tag-real-madrid","tag-real-madrid-galatasaray","tag-sampiyonlar-ligi-kura-cekimi","tag-son-dakika","tag-uefa"],"acf":[],"_links":{"self":[{"href":"https:\/\/www.nationalturk.com\/tr\/wp-json\/wp\/v2\/posts\/132098","targetHints":{"allow":["GET"]}}],"collection":[{"href":"https:\/\/www.nationalturk.com\/tr\/wp-json\/wp\/v2\/posts"}],"about":[{"href":"https:\/\/www.nationalturk.com\/tr\/wp-json\/wp\/v2\/types\/post"}],"author":[{"embeddable":true,"href":"https:\/\/www.nationalturk.com\/tr\/wp-json\/wp\/v2\/users\/761"}],"replies":[{"embeddable":true,"href":"https:\/\/www.nationalturk.com\/tr\/wp-json\/wp\/v2\/comments?post=132098"}],"version-history":[{"count":0,"href":"https:\/\/www.nationalturk.com\/tr\/wp-json\/wp\/v2\/posts\/132098\/revisions"}],"wp:featuredmedia":[{"embeddable":true,"href":"https:\/\/www.nationalturk.com\/tr\/wp-json\/wp\/v2\/media\/132173"}],"wp:attachment":[{"href":"https:\/\/www.nationalturk.com\/tr\/wp-json\/wp\/v2\/media?parent=132098"}],"wp:term":[{"taxonomy":"category","embeddable":true,"href":"https:\/\/www.nationalturk.com\/tr\/wp-json\/wp\/v2\/categories?post=132098"},{"taxonomy":"post_tag","embeddable":true,"href":"https:\/\/www.nationalturk.com\/tr\/wp-json\/wp\/v2\/tags?post=132098"}],"curies":[{"name":"wp","href":"https:\/\/api.w.org\/{rel}","templated":true}]}}