{"id":132798,"date":"2013-03-25T16:32:20","date_gmt":"2013-03-25T14:32:20","guid":{"rendered":"http:\/\/www.nationalturk.com\/?p=132798"},"modified":"2013-03-25T16:32:20","modified_gmt":"2013-03-25T14:32:20","slug":"tbmmde-dana-butuyla-basin-toplantisi-132798","status":"publish","type":"post","link":"https:\/\/www.nationalturk.com\/tr\/tbmmde-dana-butuyla-basin-toplantisi-132798\/","title":{"rendered":"TBMM&#8217;de dana butuyla bas\u0131n toplant\u0131s\u0131!"},"content":{"rendered":"<h1><img loading=\"lazy\" decoding=\"async\" class=\"alignleft size-large wp-image-132799\" alt=\"Ensar \u00d6\u011f\u00fct\" src=\"http:\/\/www.nationalturk.com\/tr\/wp-content\/uploads\/2013\/03\/ensar_ogut_but-294x400.jpg\" width=\"294\" height=\"400\" title=\"\">CHP Ardahan Milletvekili Ensar \u00d6\u011f\u00fct, ithal etin fiyat\u0131n\u0131n d\u00fc\u015fmemesi i\u00e7in yerli etlerin piyasaya s\u00fcr\u00fclmedi\u011fini iddia etti. Ensar \u00d6\u011f\u00fct, TBMM&#8217;deki bas\u0131n toplant\u0131s\u0131na koca bir dana butu da getirdi.<\/h1>\n<p>TBMM&#8217;de bas\u0131n toplant\u0131s\u0131 d\u00fczenleyen Ensar \u00d6\u011f\u00fct, G\u0131da, Tar\u0131m ve Hayvanc\u0131l\u0131k Bakanl\u0131\u011f\u0131&#8217;n\u0131n da a\u00e7\u0131klad\u0131\u011f\u0131 gibi, T\u00fcrkiye&#8217;deki baz\u0131 m\u00fcesseselerin at, e\u015fek ve domuz eti katk\u0131l\u0131 g\u0131dalar \u00fcretti\u011fini s\u00f6yledi.<\/p>\n<p>Bu durumun bir nedeninin de etin pahal\u0131 olmas\u0131ndan kaynakland\u0131\u011f\u0131n\u0131 savunan \u00d6\u011f\u00fct, &#8221;Vatanda\u015f\u0131m\u0131za at, e\u015fek, domuz eti yediren ve onu denetlemeyen anlay\u0131\u015f, ne yaz\u0131k ki Et ve Bal\u0131k Kurumu depolar\u0131ndaki etlerimizi piyasaya s\u00fcrm\u00fcyor&#8221; dedi.<\/p>\n<p>Ensar \u00d6\u011f\u00fct, \u00e7ok say\u0131da Et ve Bal\u0131k Kurumu deposunun dolu oldu\u011funu, bu nedenle satmak i\u00e7in hayvan\u0131n\u0131 getiren \u00fcreticilere Temmuz ay\u0131na g\u00fcn verildi\u011fini belirtti. Bilgi Edinme Yasas\u0131&#8217;na g\u00f6re, \u00fclke genelinde kombinalar\u0131n depolar\u0131nda et miktar\u0131n\u0131 \u00f6\u011frenmek i\u00e7in ba\u015fvuruda bulundu\u011funu kaydeden \u00d6\u011f\u00fct, ancak kendisine yan\u0131t olarak depolama kapasitesinin verildi\u011fini dile getirdi.<\/p>\n<p>\u00d6\u011f\u00fct, \u015f\u00f6yle devam etti:<\/p>\n<p>&#8221;Bizim k\u00f6yl\u00fcm\u00fcz\u00fcn \u00fcretti\u011fi kaliteli eti Et Bal\u0131k Kurumu&#8217;nun depolar\u0131nda tutuyorsunuz, vatanda\u015fa pahal\u0131 et yediriyorsunuz. D\u0131\u015far\u0131dan getirilen ithal etin fiyat\u0131 d\u00fc\u015fmesin, ithalat\u00e7\u0131 zarar etmesin diye, Et Bal\u0131k Kurumu depolar\u0131ndaki yerli \u00fcretim etler piyasaya s\u00fcr\u00fclm\u00fcyor. Bu sefer vatanda\u015f at, e\u015fek, domuz eti bulup satmaya kalk\u0131\u015f\u0131yor.<\/p>\n<p>Say\u0131n Ba\u015fbakan, m\u00fcsl\u00fcman \u00fclkesinde bunlar yap\u0131l\u0131yor. Bunlardan haberiniz var m\u0131- Gelin l\u00fctfen bizim etimizi mundar etmeyin. Et Bal\u0131k Kurumu&#8217;ndaki etlerimizi piyasaya s\u00fcr\u00fcn.&#8221;<\/p>\n<p>Kendisine mektup yazan bir vatanda\u015f\u0131n, kredi \u00e7ekmek i\u00e7in talepte bulundu\u011funu ancak Ermenistan s\u0131n\u0131r\u0131nda oldu\u011fu gerek\u00e7esiyle tar\u0131m arazisinin ipotek kabul edilmedi\u011fini anlatt\u0131\u011f\u0131n\u0131 s\u00f6yleyen \u00d6\u011f\u00fct, &#8221;Bir yandan a\u00e7\u0131l\u0131m yap\u0131p T\u00fcrkiye&#8217;yi b\u00fct\u00fcnle\u015ftirmeye \u00e7al\u0131\u015f\u0131yorsunuz, bir yandan Ermenistan s\u0131n\u0131r\u0131ndaki vatanda\u015f\u0131n topra\u011f\u0131n\u0131 teminat kabul etmiyorsunuz&#8221; diye konu\u015ftu.<\/p>\n<p>\u00d6\u011f\u00fct, yerli \u00fcretim etin piyasaya s\u00fcr\u00fclmemesini protesto etmek i\u00e7in bas\u0131n toplant\u0131s\u0131na et getirdi.<\/p>\n<!-- Error, Advert is not available at this time due to schedule\/geolocation restrictions! -->\n","protected":false},"excerpt":{"rendered":"<p>CHP Ardahan Milletvekili Ensar \u00d6\u011f\u00fct, ithal etin fiyat\u0131n\u0131n d\u00fc\u015fmemesi i\u00e7in yerli etlerin piyasaya s\u00fcr\u00fclmedi\u011fini iddia etti. Ensar \u00d6\u011f\u00fct, TBMM&#8217;deki bas\u0131n toplant\u0131s\u0131na koca bir dana butu da getirdi.<\/p>\n","protected":false},"author":4,"featured_media":179833,"comment_status":"open","ping_status":"open","sticky":false,"template":"","format":"standard","meta":{"_acf_changed":false,"footnotes":""},"categories":[6155,5005,6202,6805],"tags":[8723,26641,126197,126194,126196,6871],"class_list":["post-132798","post","type-post","status-publish","format-standard","has-post-thumbnail","hentry","category-gundem","category-manset","category-politika","category-turkiye","tag-chp","tag-ensar-ogut","tag-ensar-ogut-basin-toplantisi","tag-ensar-ogut-but","tag-ensar-ogut-but-basin-toplantisi","tag-tbmm"],"acf":[],"_links":{"self":[{"href":"https:\/\/www.nationalturk.com\/tr\/wp-json\/wp\/v2\/posts\/132798","targetHints":{"allow":["GET"]}}],"collection":[{"href":"https:\/\/www.nationalturk.com\/tr\/wp-json\/wp\/v2\/posts"}],"about":[{"href":"https:\/\/www.nationalturk.com\/tr\/wp-json\/wp\/v2\/types\/post"}],"author":[{"embeddable":true,"href":"https:\/\/www.nationalturk.com\/tr\/wp-json\/wp\/v2\/users\/4"}],"replies":[{"embeddable":true,"href":"https:\/\/www.nationalturk.com\/tr\/wp-json\/wp\/v2\/comments?post=132798"}],"version-history":[{"count":0,"href":"https:\/\/www.nationalturk.com\/tr\/wp-json\/wp\/v2\/posts\/132798\/revisions"}],"wp:featuredmedia":[{"embeddable":true,"href":"https:\/\/www.nationalturk.com\/tr\/wp-json\/wp\/v2\/media\/179833"}],"wp:attachment":[{"href":"https:\/\/www.nationalturk.com\/tr\/wp-json\/wp\/v2\/media?parent=132798"}],"wp:term":[{"taxonomy":"category","embeddable":true,"href":"https:\/\/www.nationalturk.com\/tr\/wp-json\/wp\/v2\/categories?post=132798"},{"taxonomy":"post_tag","embeddable":true,"href":"https:\/\/www.nationalturk.com\/tr\/wp-json\/wp\/v2\/tags?post=132798"}],"curies":[{"name":"wp","href":"https:\/\/api.w.org\/{rel}","templated":true}]}}